{"id":12969,"date":"2023-02-20T16:59:14","date_gmt":"2023-02-20T21:59:14","guid":{"rendered":"https:\/\/podernacional.com\/?p=12969"},"modified":"2023-02-20T21:59:15","modified_gmt":"2023-02-20T21:59:15","slug":"que-pasara-con-universitario-de-deportes-luego-de-perder-el-clasico","status":"publish","type":"post","link":"https:\/\/podernacional.com\/?p=12969","title":{"rendered":"\u00bfQu\u00e9 pasar\u00e1 con Universitario de Deportes luego de perder el cl\u00e1sico?"},"content":{"rendered":"<h4>Carvallo y Ball\u00f3n en el sorteo antes de arrancar el Cl\u00e1sico.<\/h4>\n<p><a href=\"https:\/\/whatsappmexico.com\/?p=12089\">Universitario<\/a> de Deportes: Sin duda, el cl\u00e1sico de los cl\u00e1sicos del f\u00fatbol peruano siempre genera un punto de quiebre para cualquiera de los dos equipos.<\/p>\n<p>En esta ocasi\u00f3n, Universitario cay\u00f3 2-1 ante Alianza Lima y la semana, claramente, ser\u00e1 muy especial para el plantel blanquiazul.<\/p>\n<p>No obstante, todo lo contrario, ser\u00e1 para el cuadro merengue que se replantear\u00e1 algunos aspectos.<\/p>\n<p>Universitario de Deportes sum\u00f3 su segunda derrota consecutiva en el campeonato peruano.<\/p>\n<p>Es decir, no es el arranque esperado por la directiva merengue que tiene como principal objetivo conseguir el t\u00edtulo nacional.<\/p>\n<p>Por otro lado, el cuadro crema hizo un gran esfuerzo para armar un gran plantel.<\/p>\n<p>As\u00ed, pelear el torneo local y avanzar lo m\u00e1s lejos posible en la Copa Sudamericana.<\/p>\n<p>\u00bfEntonces? Sin duda, es un arranque que genera dudas y podr\u00eda tener consecuencias.<\/p>\n<h4>La continuidad de Carlos Compagnucci<\/h4>\n<p>En los \u00faltimos a\u00f1os, el cl\u00e1sico de los cl\u00e1sicos del f\u00fatbol peruano gener\u00f3 la salida de un t\u00e9cnico.<\/p>\n<p>Independientemente del resultado, siempre se valor\u00f3 el rendimiento de los equipos para tomar una decisi\u00f3n firme.<\/p>\n<p>En esta oportunidad, Universitario lleg\u00f3 a competir por momentos y estuvo muy cerca de empatar el partido.<\/p>\n<p>Por ende, la directiva merengue no est\u00e1 conforme por el resultado.<\/p>\n<p>Esto\u00a0pero s\u00ed la consideraci\u00f3n cambia con el Carlos Compagnucci que ya no cuenta con margen de error.<\/p>\n","protected":false},"excerpt":{"rendered":"<p>Carvallo y Ball\u00f3n en el sorteo antes de arrancar el Cl\u00e1sico. Universitario de Deportes: Sin duda, el cl\u00e1sico de los cl\u00e1sicos del f\u00fatbol peruano siempre genera un punto de quiebre para cualquiera de los dos equipos. En esta ocasi\u00f3n, Universitario cay\u00f3 2-1 ante Alianza Lima y la semana, claramente, ser\u00e1 muy especial para el plantel [&hellip;]<\/p>\n","protected":false},"author":1,"featured_media":12971,"comment_status":"open","ping_status":"closed","sticky":false,"template":"","format":"standard","meta":{"footnotes":""},"categories":[3],"tags":[],"class_list":["post-12969","post","type-post","status-publish","format-standard","has-post-thumbnail","hentry","category-deportes"],"_links":{"self":[{"href":"https:\/\/podernacional.com\/index.php?rest_route=\/wp\/v2\/posts\/12969","targetHints":{"allow":["GET"]}}],"collection":[{"href":"https:\/\/podernacional.com\/index.php?rest_route=\/wp\/v2\/posts"}],"about":[{"href":"https:\/\/podernacional.com\/index.php?rest_route=\/wp\/v2\/types\/post"}],"author":[{"embeddable":true,"href":"https:\/\/podernacional.com\/index.php?rest_route=\/wp\/v2\/users\/1"}],"replies":[{"embeddable":true,"href":"https:\/\/podernacional.com\/index.php?rest_route=%2Fwp%2Fv2%2Fcomments&post=12969"}],"version-history":[{"count":1,"href":"https:\/\/podernacional.com\/index.php?rest_route=\/wp\/v2\/posts\/12969\/revisions"}],"predecessor-version":[{"id":12970,"href":"https:\/\/podernacional.com\/index.php?rest_route=\/wp\/v2\/posts\/12969\/revisions\/12970"}],"wp:featuredmedia":[{"embeddable":true,"href":"https:\/\/podernacional.com\/index.php?rest_route=\/wp\/v2\/media\/12971"}],"wp:attachment":[{"href":"https:\/\/podernacional.com\/index.php?rest_route=%2Fwp%2Fv2%2Fmedia&parent=12969"}],"wp:term":[{"taxonomy":"category","embeddable":true,"href":"https:\/\/podernacional.com\/index.php?rest_route=%2Fwp%2Fv2%2Fcategories&post=12969"},{"taxonomy":"post_tag","embeddable":true,"href":"https:\/\/podernacional.com\/index.php?rest_route=%2Fwp%2Fv2%2Ftags&post=12969"}],"curies":[{"name":"wp","href":"https:\/\/api.w.org\/{rel}","templated":true}]}}