{"id":12972,"date":"2023-02-20T17:03:31","date_gmt":"2023-02-20T22:03:31","guid":{"rendered":"https:\/\/podernacional.com\/?p=12972"},"modified":"2023-02-20T22:03:33","modified_gmt":"2023-02-20T22:03:33","slug":"anuncia-mara-lezama-la-creacion-de-la-agencia-de-seguridad-alimentaria-de-quintana-roo","status":"publish","type":"post","link":"https:\/\/podernacional.com\/?p=12972","title":{"rendered":"Anuncia Mara Lezama la creaci\u00f3n de la Agencia de Seguridad Alimentaria de Quintana Roo"},"content":{"rendered":"<h4>La gobernadora comparte los beneficios que traer\u00e1 el Tren Maya para su estado en conferencia de AMLO<\/h4>\n<p><a href=\"https:\/\/whatsappmexico.com\/?p=12092\">Agencia<\/a> de Seguridad Alimentaria: El Tren Maya ser\u00e1 un factor fundamental para acortar las brechas de desigualdad social.<\/p>\n<p>El cual\u00a0propiciar\u00e1 transitar hacia una econom\u00eda social y solidaria y permitir\u00e1 a los turistas descubrir nuevas alternativas tur\u00edsticas sustentables.<\/p>\n<p>Esto lo\u00a0indic\u00f3 Mara Lezama, gobernadora de Quintana Roo, durante su participaci\u00f3n en la conferencia de prensa ma\u00f1anera de este lunes.<\/p>\n<p>As\u00ed\u00a0mismo espacio donde anunci\u00f3 la creaci\u00f3n de la Agencia de Seguridad Alimentaria del estado.<\/p>\n<p>Esta agencia, dijo, ser\u00e1 responsable de articular una pol\u00edtica p\u00fablica integral para avanzar en la suficiencia y seguridad alimentaria.<\/p>\n<p>As\u00ed como la adecuada nutrici\u00f3n de las y los quintanarroenses con mayor nivel de vulnerabilidad y rezago.<\/p>\n<p>Esto mediante ese fortalecimiento de las actividades productivas locales y el impulso a peque\u00f1os productores campesinos y pesqueros de la regi\u00f3n.<\/p>\n<h4>Ser\u00e1 un organismo con el objetivo principal de garantizar el acceso a una alimentaci\u00f3n adecuada al pueblo.<\/h4>\n<p>El cual est\u00e1\u00a0movilizando las capacidades del estado para el abasto y provisi\u00f3n de alimentaci\u00f3n suficiente a todas las regiones.<\/p>\n<p>As\u00ed como de\u00a0\u201cuna obligaci\u00f3n del Estado que desafortunadamente ha tardado en llegar y mantiene casi a 30 por ciento de nuestra poblaci\u00f3n\u201d.<\/p>\n<p>\u201cAs\u00ed como\u00a0con carencia alimentaria pero con la que hoy nos comprometemos\u201d.<\/p>\n<p>La gobernadora explic\u00f3 que a finales del a\u00f1o pasado se impuls\u00f3 en el Congreso un conjunto de reformas.<\/p>\n<p>As\u00ed como de\u00a0adiciones a la Ley del Impuesto al Hospedaje orientadas a generar los recursos necesarios para coordinar el abasto de alimentos.<\/p>\n<p>Esto\u00a0a bajo costo en las zonas m\u00e1s vulnerables, ampliar la red estatal de comedores comunitarios e impulsar la producci\u00f3n.<\/p>\n<p>Adem\u00e1s de la distribuci\u00f3n y comercializaci\u00f3n de alimentos.<\/p>\n","protected":false},"excerpt":{"rendered":"<p>La gobernadora comparte los beneficios que traer\u00e1 el Tren Maya para su estado en conferencia de AMLO Agencia de Seguridad Alimentaria: El Tren Maya ser\u00e1 un factor fundamental para acortar las brechas de desigualdad social. El cual\u00a0propiciar\u00e1 transitar hacia una econom\u00eda social y solidaria y permitir\u00e1 a los turistas descubrir nuevas alternativas tur\u00edsticas sustentables. Esto [&hellip;]<\/p>\n","protected":false},"author":1,"featured_media":12974,"comment_status":"open","ping_status":"closed","sticky":false,"template":"","format":"standard","meta":{"footnotes":""},"categories":[9],"tags":[],"class_list":["post-12972","post","type-post","status-publish","format-standard","has-post-thumbnail","hentry","category-politica"],"_links":{"self":[{"href":"https:\/\/podernacional.com\/index.php?rest_route=\/wp\/v2\/posts\/12972","targetHints":{"allow":["GET"]}}],"collection":[{"href":"https:\/\/podernacional.com\/index.php?rest_route=\/wp\/v2\/posts"}],"about":[{"href":"https:\/\/podernacional.com\/index.php?rest_route=\/wp\/v2\/types\/post"}],"author":[{"embeddable":true,"href":"https:\/\/podernacional.com\/index.php?rest_route=\/wp\/v2\/users\/1"}],"replies":[{"embeddable":true,"href":"https:\/\/podernacional.com\/index.php?rest_route=%2Fwp%2Fv2%2Fcomments&post=12972"}],"version-history":[{"count":1,"href":"https:\/\/podernacional.com\/index.php?rest_route=\/wp\/v2\/posts\/12972\/revisions"}],"predecessor-version":[{"id":12973,"href":"https:\/\/podernacional.com\/index.php?rest_route=\/wp\/v2\/posts\/12972\/revisions\/12973"}],"wp:featuredmedia":[{"embeddable":true,"href":"https:\/\/podernacional.com\/index.php?rest_route=\/wp\/v2\/media\/12974"}],"wp:attachment":[{"href":"https:\/\/podernacional.com\/index.php?rest_route=%2Fwp%2Fv2%2Fmedia&parent=12972"}],"wp:term":[{"taxonomy":"category","embeddable":true,"href":"https:\/\/podernacional.com\/index.php?rest_route=%2Fwp%2Fv2%2Fcategories&post=12972"},{"taxonomy":"post_tag","embeddable":true,"href":"https:\/\/podernacional.com\/index.php?rest_route=%2Fwp%2Fv2%2Ftags&post=12972"}],"curies":[{"name":"wp","href":"https:\/\/api.w.org\/{rel}","templated":true}]}}