{"id":13009,"date":"2023-02-21T17:00:41","date_gmt":"2023-02-21T22:00:41","guid":{"rendered":"https:\/\/podernacional.com\/?p=13009"},"modified":"2023-02-21T22:00:42","modified_gmt":"2023-02-21T22:00:42","slug":"el-puertorriqueno-mora-se-presentara-en-el-festival-estereo-picnic-de-bogota","status":"publish","type":"post","link":"https:\/\/podernacional.com\/?p=13009","title":{"rendered":"El puertorrique\u00f1o Mora se presentar\u00e1 en el Festival Est\u00e9reo Picnic de Bogot\u00e1"},"content":{"rendered":"<h4>El cantante puertorrique\u00f1o Mora regresar\u00e1 a Bogot\u00e1 tras presentarse en noviembre pasado en el concierto de Bad Bunny.<\/h4>\n<p>El puertorrique\u00f1o Mora : Adem\u00e1s de que participar\u00e1 en el Festival Est\u00e9reo Picnic (FEP), que se celebrar\u00e1 entre el 23 y 26 de marzo pr\u00f3ximos, informaron los organizadores.<\/p>\n<p>\u00ab\u00a1Abran paso para recibir a la nueva escuela de Puerto Rico! Mora dice presente este viernes 24!.<\/p>\n<p>\u201cAs\u00ed como\u00a0de marzo desde la tarima de Un Mundo Distinto y no podemos esperar a que llegue el d\u00eda\u00bb, dijo P\u00e1ramo Presenta.<\/p>\n<p>El cual es la\u00a0organizadora del Festival, en un mensaje publicado en sus redes sociales.<\/p>\n<p>La informaci\u00f3n agreg\u00f3: \u00abSe suma una joya al cartel hist\u00f3rico de los mejores 4 d\u00edas del a\u00f1o, prep\u00e1rense.<\/p>\n<p>Ya que\u00a0la fiesta que se viene no tiene precedentes y es la nueva sangre de PR quien la gu\u00eda\u00bb.<\/p>\n<p>Adem\u00e1s de Mora, en el festival se presentar\u00e1n el rapero Drake, la cantante Billie Eilish y el tr\u00edo Blink 182.<\/p>\n<p>Adem\u00e1s de que encabezan el cartel de una in\u00e9dita edici\u00f3n que por primera vez durar\u00e1 cuatro d\u00edas.<\/p>\n<p>Adem\u00e1s de los \u00abheadliners\u00bb, a los que se suman The Chemical Brothers, en el festival participar\u00e1n los australianos de Tame Impala.<\/p>\n<p>As\u00ed como\u00a0la espa\u00f1ola Rosal\u00eda, el rapero Lil Nas X, la banda colombiana Morat y el grupo estadounidense de rap Wu Tang Clan.<\/p>\n<h4>El nutrido cartel del festival tambi\u00e9n cuenta con el productor argentino Bizarrap.<\/h4>\n<p>Esto, seg\u00fan dicen los organizadores, tendr\u00e1 una \u00abactuaci\u00f3n especial\u00bb.<\/p>\n<p>Como ha sucedido en otras ediciones, el Est\u00e9reo Picnic tambi\u00e9n apostar\u00e1 por la variedad y entre los artistas invitados.<\/p>\n<p>Los cuales aparece el salsero puertorrique\u00f1o Jerry Rivera, el cantante de reguet\u00f3n Ryan Castro y el bolerista colombiano Alci Acosta.<\/p>\n<p>Otros de los participantes del festival ser\u00e1n la legendaria banda de rock Blondie, el dj Armin van Buuren, el brit\u00e1nico Jamie XX.<\/p>\n<p>As\u00ed como del rapero argentino Trueno, la puertorrique\u00f1a Villano Antillano y la cantante estadounidense-colombiana Kali Uchis.<\/p>\n<p>Este ser\u00e1 el festival m\u00e1s grande en las doce ediciones que se han realizado, pues se presentar\u00e1n m\u00e1s de 90 artistas.<\/p>\n<p>Adem\u00e1s de agrupaciones en el campo del golf Brice\u00f1o 18, ubicado a las afueras de Bogot\u00e1.<\/p>\n<p>Peque\u00f1as empresas y grandes innovaciones: las start-up suizas<\/p>\n<p>La creatividad de las nuevas empresas suizas no tiene l\u00edmites y sus innovaciones gozan de \u00e9xito en todo el mundo, y en muchos \u00e1mbitos.<\/p>\n<p>Tambi\u00e9n suceder\u00e1 tras una edici\u00f3n de 2022 a la que asistieron m\u00e1s de 110.000 personas y en la que participaron, entre otros.<\/p>\n<p>As\u00ed como: \u00a0The Strokes, J Balvin, Black Pumas y Fatboy Slim<\/p>\n","protected":false},"excerpt":{"rendered":"<p>El cantante puertorrique\u00f1o Mora regresar\u00e1 a Bogot\u00e1 tras presentarse en noviembre pasado en el concierto de Bad Bunny. El puertorrique\u00f1o Mora : Adem\u00e1s de que participar\u00e1 en el Festival Est\u00e9reo Picnic (FEP), que se celebrar\u00e1 entre el 23 y 26 de marzo pr\u00f3ximos, informaron los organizadores. \u00ab\u00a1Abran paso para recibir a la nueva escuela de [&hellip;]<\/p>\n","protected":false},"author":1,"featured_media":13011,"comment_status":"open","ping_status":"closed","sticky":false,"template":"","format":"standard","meta":{"footnotes":""},"categories":[2],"tags":[],"class_list":["post-13009","post","type-post","status-publish","format-standard","has-post-thumbnail","hentry","category-cultural"],"_links":{"self":[{"href":"https:\/\/podernacional.com\/index.php?rest_route=\/wp\/v2\/posts\/13009","targetHints":{"allow":["GET"]}}],"collection":[{"href":"https:\/\/podernacional.com\/index.php?rest_route=\/wp\/v2\/posts"}],"about":[{"href":"https:\/\/podernacional.com\/index.php?rest_route=\/wp\/v2\/types\/post"}],"author":[{"embeddable":true,"href":"https:\/\/podernacional.com\/index.php?rest_route=\/wp\/v2\/users\/1"}],"replies":[{"embeddable":true,"href":"https:\/\/podernacional.com\/index.php?rest_route=%2Fwp%2Fv2%2Fcomments&post=13009"}],"version-history":[{"count":1,"href":"https:\/\/podernacional.com\/index.php?rest_route=\/wp\/v2\/posts\/13009\/revisions"}],"predecessor-version":[{"id":13010,"href":"https:\/\/podernacional.com\/index.php?rest_route=\/wp\/v2\/posts\/13009\/revisions\/13010"}],"wp:featuredmedia":[{"embeddable":true,"href":"https:\/\/podernacional.com\/index.php?rest_route=\/wp\/v2\/media\/13011"}],"wp:attachment":[{"href":"https:\/\/podernacional.com\/index.php?rest_route=%2Fwp%2Fv2%2Fmedia&parent=13009"}],"wp:term":[{"taxonomy":"category","embeddable":true,"href":"https:\/\/podernacional.com\/index.php?rest_route=%2Fwp%2Fv2%2Fcategories&post=13009"},{"taxonomy":"post_tag","embeddable":true,"href":"https:\/\/podernacional.com\/index.php?rest_route=%2Fwp%2Fv2%2Ftags&post=13009"}],"curies":[{"name":"wp","href":"https:\/\/api.w.org\/{rel}","templated":true}]}}