{"id":13012,"date":"2023-02-21T17:03:41","date_gmt":"2023-02-21T22:03:41","guid":{"rendered":"https:\/\/podernacional.com\/?p=13012"},"modified":"2023-02-21T22:03:42","modified_gmt":"2023-02-21T22:03:42","slug":"sumergete-en-la-cultura-afro-con-el-nuevo-festival-afroroots-2023","status":"publish","type":"post","link":"https:\/\/podernacional.com\/?p=13012","title":{"rendered":"Sum\u00e9rgete en la cultura afro con el nuevo Festival Afroroots 2023"},"content":{"rendered":"<h4>Ya viene el Festival Afroroots 2023 con una incre\u00edble oferta gastron\u00f3mica, cultural y musical. \u00bfJalas al evento?<\/h4>\n<p>\u00bfBuscas planes para este fin de semana? \u00a1No puedes perderte del Festival Afroroots 2023!<\/p>\n<p>Este carnaval, que re\u00fane gastronom\u00eda, m\u00fasica y cultura afro, llega a nuestra capital con un ambiente para toda la familia y much\u00edsimas sorpresas.<\/p>\n<p>Para que te lances a vivir esta vibrante experiencia, ac\u00e1 te compartimos todos los detalles.<\/p>\n<h4>As\u00ed ser\u00e1 el Festival Afro Roots 2023<\/h4>\n<p>El pr\u00f3ximo domingo 26 de febrero, nuestra CDMX albergar\u00e1 el incre\u00edble Bazar de Afroroots.<\/p>\n<p>Lugar en\u00a0donde podr\u00e1s conocer mucho m\u00e1s sobre la riqueza cultural de la comunidad afro.<\/p>\n<p>En esta ocasi\u00f3n, tendr\u00e1s la oportunidad de adquirir productos \u00fanicos, como ropa, joyer\u00eda y accesorios, entre otras novedades.<\/p>\n<p>Adem\u00e1s del bazar, el evento tambi\u00e9n contar\u00e1 con actividades recreativas y con espect\u00e1culos, como la clase abierta de Dancehall.<\/p>\n<p>Lugar en\u00a0donde el jamaiquino El Rico Legacy te ense\u00f1ar\u00e1 a sacar los mejores pasos en la pista.<\/p>\n<p>Tambi\u00e9n estar\u00e1 presente Kokou, quien llevar\u00e1 a cabo un performance de danzas tradicionales de su natal Togo.<\/p>\n<p>La m\u00fasica no puede faltar en el evento, as\u00ed que prep\u00e1rate para bailar al ritmo de una amplia gama de DJ\u2019s.<\/p>\n<p>Esto\u00a0entre los cuales se encuentran DJ Nina, El Mismo Charlie, DJ Maiky, DJ Ski y DJ Soto.<\/p>\n<p>Ellxs se encargar\u00e1n de ponerle ritmo a toda la jornada mientras disfrutas del ambiente con tus personas favoritas.<\/p>\n<p>Finalmente, habr\u00e1 una exquisita selecci\u00f3n gastron\u00f3mica, donde podr\u00e1s probar los deliciosos sabores de la cultura afro.<\/p>\n<p>La mejor parte de todo es que se trata de un evento familiar y pet friendly, as\u00ed que habr\u00e1 entretenimiento para todas las edades.<\/p>\n<h4>\u00bfD\u00f3nde y cu\u00e1ndo ser\u00e1 el evento?<\/h4>\n<p>Como te cont\u00e1bamos, esta nueva edici\u00f3n del Festival llega a la capital el pr\u00f3ximo domingo 26 de febrero.<\/p>\n<p>La cita es en el club ZunZ\u00fan Jungla Insular, ubicado en la Roma Norte. Toma en cuenta que el cover es de $50.<\/p>\n<p>As\u00ed como, sin embargo, algunas actividades (como la clase abierta de Dancehall) cuentan con un costo adicional.<\/p>\n<p>Te recomendamos visitar las redes sociales del evento para que permanezcas al tanto de sus novedades.<\/p>\n<p>Como un plus, sugerimos que llegues temprano, ya que habr\u00e1 aforo limitado.<\/p>\n<p>D\u00f3nde: ZunZ\u00fan Jungla Insular, en C\u00f3rdoba 14, Roma Norte, Cuauht\u00e9moc.<\/p>\n<p>Cu\u00e1ndo: Domingo 26 de febrero de 2023, 13:00 a 20:00 h<\/p>\n<p>Cu\u00e1nto: $50 general (entrada gratuita a menores de 12 a\u00f1os).<\/p>\n","protected":false},"excerpt":{"rendered":"<p>Ya viene el Festival Afroroots 2023 con una incre\u00edble oferta gastron\u00f3mica, cultural y musical. \u00bfJalas al evento? \u00bfBuscas planes para este fin de semana? \u00a1No puedes perderte del Festival Afroroots 2023! Este carnaval, que re\u00fane gastronom\u00eda, m\u00fasica y cultura afro, llega a nuestra capital con un ambiente para toda la familia y much\u00edsimas sorpresas. Para [&hellip;]<\/p>\n","protected":false},"author":1,"featured_media":13014,"comment_status":"open","ping_status":"closed","sticky":false,"template":"","format":"standard","meta":{"footnotes":""},"categories":[4],"tags":[],"class_list":["post-13012","post","type-post","status-publish","format-standard","has-post-thumbnail","hentry","category-espectaculos"],"_links":{"self":[{"href":"https:\/\/podernacional.com\/index.php?rest_route=\/wp\/v2\/posts\/13012","targetHints":{"allow":["GET"]}}],"collection":[{"href":"https:\/\/podernacional.com\/index.php?rest_route=\/wp\/v2\/posts"}],"about":[{"href":"https:\/\/podernacional.com\/index.php?rest_route=\/wp\/v2\/types\/post"}],"author":[{"embeddable":true,"href":"https:\/\/podernacional.com\/index.php?rest_route=\/wp\/v2\/users\/1"}],"replies":[{"embeddable":true,"href":"https:\/\/podernacional.com\/index.php?rest_route=%2Fwp%2Fv2%2Fcomments&post=13012"}],"version-history":[{"count":1,"href":"https:\/\/podernacional.com\/index.php?rest_route=\/wp\/v2\/posts\/13012\/revisions"}],"predecessor-version":[{"id":13013,"href":"https:\/\/podernacional.com\/index.php?rest_route=\/wp\/v2\/posts\/13012\/revisions\/13013"}],"wp:featuredmedia":[{"embeddable":true,"href":"https:\/\/podernacional.com\/index.php?rest_route=\/wp\/v2\/media\/13014"}],"wp:attachment":[{"href":"https:\/\/podernacional.com\/index.php?rest_route=%2Fwp%2Fv2%2Fmedia&parent=13012"}],"wp:term":[{"taxonomy":"category","embeddable":true,"href":"https:\/\/podernacional.com\/index.php?rest_route=%2Fwp%2Fv2%2Fcategories&post=13012"},{"taxonomy":"post_tag","embeddable":true,"href":"https:\/\/podernacional.com\/index.php?rest_route=%2Fwp%2Fv2%2Ftags&post=13012"}],"curies":[{"name":"wp","href":"https:\/\/api.w.org\/{rel}","templated":true}]}}