{"id":13027,"date":"2023-02-22T10:53:33","date_gmt":"2023-02-22T15:53:33","guid":{"rendered":"https:\/\/podernacional.com\/?p=13027"},"modified":"2023-02-22T15:53:49","modified_gmt":"2023-02-22T15:53:49","slug":"suena-ricardo-ferretti-para-dirigir-al-cruz-azul","status":"publish","type":"post","link":"https:\/\/podernacional.com\/?p=13027","title":{"rendered":"Suena Ricardo Ferretti para dirigir al Cruz Azul"},"content":{"rendered":"<p>Cruz Azul est\u00e1 cerca de cerrar a su nuevo entrenador. Un medio de circulaci\u00f3n nacional inform\u00f3 que faltan algunos detalles para que Ricardo Ferretti sea anunciado como el nuevo t\u00e9cnico celeste.<\/p>\n<p>La directiva del conjunto cementero apostar\u00e1 por la experiencia del &#8216;Tuca&#8217;, quien es uno de los estrategas m\u00e1s exitosos en la historia de nuestro futbol.<\/p>\n<p>El presidente de la Cooperativa La Cruz Azul, V\u00edctor Vel\u00e1zquez, se reuni\u00f3 con \u00e9l recientemente y mostr\u00f3 mucho inter\u00e9s en su proyecto.<\/p>\n<p>Fuentes aseguran que hoy quedaron en contactarlo para confirmar. La idea es que ma\u00f1ana firme su contrato y se haga el anuncio oficial en las redes sociales del club.<\/p>\n<p>Sin embargo, ser\u00e1 Joaqu\u00edn Moreno el que dirigir\u00e1 al Cruz Azul en el juego del mi\u00e9rcoles contra Atlas en el Estadio Azteca.<\/p>\n<p>Ricardo Ferretti tomar\u00eda las riendas de cara al juego del fin de semana contra FC Ju\u00e1rez, que tambi\u00e9n se realizar\u00e1 en el Coloso de Santa \u00darsula.<\/p>\n","protected":false},"excerpt":{"rendered":"<p>Cruz Azul est\u00e1 cerca de cerrar a su nuevo entrenador. Un medio de circulaci\u00f3n nacional inform\u00f3 que faltan algunos detalles para que Ricardo Ferretti sea anunciado como el nuevo t\u00e9cnico celeste. La directiva del conjunto cementero apostar\u00e1 por la experiencia del &#8216;Tuca&#8217;, quien es uno de los estrategas m\u00e1s exitosos en la historia de nuestro [&hellip;]<\/p>\n","protected":false},"author":1,"featured_media":13029,"comment_status":"open","ping_status":"closed","sticky":false,"template":"","format":"standard","meta":{"footnotes":""},"categories":[3],"tags":[],"class_list":["post-13027","post","type-post","status-publish","format-standard","has-post-thumbnail","hentry","category-deportes"],"_links":{"self":[{"href":"https:\/\/podernacional.com\/index.php?rest_route=\/wp\/v2\/posts\/13027","targetHints":{"allow":["GET"]}}],"collection":[{"href":"https:\/\/podernacional.com\/index.php?rest_route=\/wp\/v2\/posts"}],"about":[{"href":"https:\/\/podernacional.com\/index.php?rest_route=\/wp\/v2\/types\/post"}],"author":[{"embeddable":true,"href":"https:\/\/podernacional.com\/index.php?rest_route=\/wp\/v2\/users\/1"}],"replies":[{"embeddable":true,"href":"https:\/\/podernacional.com\/index.php?rest_route=%2Fwp%2Fv2%2Fcomments&post=13027"}],"version-history":[{"count":1,"href":"https:\/\/podernacional.com\/index.php?rest_route=\/wp\/v2\/posts\/13027\/revisions"}],"predecessor-version":[{"id":13028,"href":"https:\/\/podernacional.com\/index.php?rest_route=\/wp\/v2\/posts\/13027\/revisions\/13028"}],"wp:featuredmedia":[{"embeddable":true,"href":"https:\/\/podernacional.com\/index.php?rest_route=\/wp\/v2\/media\/13029"}],"wp:attachment":[{"href":"https:\/\/podernacional.com\/index.php?rest_route=%2Fwp%2Fv2%2Fmedia&parent=13027"}],"wp:term":[{"taxonomy":"category","embeddable":true,"href":"https:\/\/podernacional.com\/index.php?rest_route=%2Fwp%2Fv2%2Fcategories&post=13027"},{"taxonomy":"post_tag","embeddable":true,"href":"https:\/\/podernacional.com\/index.php?rest_route=%2Fwp%2Fv2%2Ftags&post=13027"}],"curies":[{"name":"wp","href":"https:\/\/api.w.org\/{rel}","templated":true}]}}