{"id":13057,"date":"2023-02-22T16:49:30","date_gmt":"2023-02-22T21:49:30","guid":{"rendered":"https:\/\/podernacional.com\/?p=13057"},"modified":"2023-02-22T21:49:31","modified_gmt":"2023-02-22T21:49:31","slug":"suena-tecnopolis-y-el-festival-futurock-fin-de-semana-a-pura-musica","status":"publish","type":"post","link":"https:\/\/podernacional.com\/?p=13057","title":{"rendered":"Suena Tecn\u00f3polis y el Festival Futurock: fin de semana a pura m\u00fasica"},"content":{"rendered":"<h4>El parque tem\u00e1tico del Ministerio de Cultura de la Naci\u00f3n se llena de m\u00fasica, en el ante\u00faltimo fin de semana del Verano en Tecn\u00f3polis.<\/h4>\n<p>Esto\u00a0con el festival Suena Tecn\u00f3polis, del 24 al 26 de febrero.<\/p>\n<p>Ser\u00e1n tres atardeceres dedicados a la m\u00fasica en vivo.<\/p>\n<p>Por ende, en ese marco, el s\u00e1bado 25 se realizar\u00e1 una nueva edici\u00f3n del Festival Futurock en Tecn\u00f3polis.<\/p>\n<p>Tocar\u00e1n en vivo El Mat\u00f3 a un Polic\u00eda Motorizado, B\u00e1ndalo Chinos, Los Besos, Feli Colina, Melanie Williams &amp; El Cabloide.<\/p>\n<p>Adem\u00e1s de que\u00a0estar\u00e1n los Dj Set de Villa Diamante, Pablo Treinta y Dj D\u00f3lares.<\/p>\n<p>Adem\u00e1s, se presentar\u00e1 Bienvenidos al tren de Charly para las infancias, con m\u00fasica de Charly Garc\u00eda, y el show IMPRO al 2020.<\/p>\n<p>Durante el fin de semana las infancias podr\u00e1n disfrutar de los shows de Cien Volando y Vuelta Canela.<\/p>\n<h4>Y de los espect\u00e1culos La Posta, Viste lo que v\u00ed?, Les Ivans y Caravana-La arena de Circo.<\/h4>\n<p>Habr\u00e1 una transmisi\u00f3n especial de Saliendo que es El\u00e9ctrica con Mart\u00edn Rechimuzzi y Pedro Rosemblat en el Escenario Juana Azurduy.<\/p>\n<p>Tambi\u00e9n tocar\u00e1n Jambao de Argentina, \u00a0Chala Rasta, Acus, Sof\u00eda Gabanna y Freestyle de Barrio. Adem\u00e1s, se presentar\u00e1 la obra de danza Anomal\u00eda.<\/p>\n<p>Adem\u00e1s, durante todo el fin de semana habr\u00e1 talleres de ciencia, clases de deportes.<\/p>\n<p>As\u00ed como de\u00a0shows para infancias como el Campamento Literario, \u00a0Tierra de Dinos, el simulador de Aerol\u00edneas Argentinas.<\/p>\n<p>Al igual que\u00a0El Club de Verano de Pakapaka con Zamba y Nina, Arrorr\u00f3 -pensado para las primeras infancias-.<\/p>\n<p>As\u00ed como de\u00a0la muestra participativa en homenaje a Mar\u00eda Elena Walsh, el espacio F\u00e1brica, Identidades sin l\u00edmite, la muestra Bichos, Ajedrecear entre otros.<\/p>\n<p>Tambi\u00e9n, en distintos espacios del parque, a trav\u00e9s de realidad virtual los y las visitantes podr\u00e1n conocer las Islas Malvinas en Pisar Malvinas.<\/p>\n<h4>As\u00ed como de\u00a0recorrer el hist\u00f3rico Refugio Cerro Nevado Ant\u00e1rtida Argentina.<\/h4>\n<p>Adem\u00e1s, hay instalaciones inmersivas de arte electr\u00f3nico, un t\u00fanel l\u00e1ser, un bosquecito multisensorial \u00a0y una Holograf\u00eda de agua que proyecta im\u00e1genes mundialistas.<\/p>\n<p>El \u00faltimo fin de semana de Verano en Tecn\u00f3polis anticipar\u00e1 el 8M, D\u00eda de las Mujeres Trabajadoras.<\/p>\n<p>Ser\u00e1 del 3 al 5 de marzo, con propuestas que incluyen talleres, charlas, \u00a0actividades, conciertos y espect\u00e1culos protagonizados por mujeres y diversidades.<\/p>\n<p>Ser\u00e1 \u00a0en el marco de la cuarta edici\u00f3n del ciclo Nosotras Movemos el Mundo.<\/p>\n<p>La cual est\u00e1\u00a0organizado junto al Ministerio de las Mujeres, G\u00e9neros y Diversidad y el Ministerio de Cultura de la Naci\u00f3n.<\/p>\n<p>Adem\u00e1s, \u00a0las y los visitantes podr\u00e1n disfrutar de m\u00e1s de 40 espacios interactivos sobre arte, ciencia y tecnolog\u00eda.<\/p>\n<p>As\u00ed como de\u00a0las atracciones ic\u00f3nicas y propuestas art\u00edsticas para todas las edades.<\/p>\n","protected":false},"excerpt":{"rendered":"<p>El parque tem\u00e1tico del Ministerio de Cultura de la Naci\u00f3n se llena de m\u00fasica, en el ante\u00faltimo fin de semana del Verano en Tecn\u00f3polis. Esto\u00a0con el festival Suena Tecn\u00f3polis, del 24 al 26 de febrero. Ser\u00e1n tres atardeceres dedicados a la m\u00fasica en vivo. Por ende, en ese marco, el s\u00e1bado 25 se realizar\u00e1 una [&hellip;]<\/p>\n","protected":false},"author":1,"featured_media":13059,"comment_status":"open","ping_status":"closed","sticky":false,"template":"","format":"standard","meta":{"footnotes":""},"categories":[2],"tags":[],"class_list":["post-13057","post","type-post","status-publish","format-standard","has-post-thumbnail","hentry","category-cultural"],"_links":{"self":[{"href":"https:\/\/podernacional.com\/index.php?rest_route=\/wp\/v2\/posts\/13057","targetHints":{"allow":["GET"]}}],"collection":[{"href":"https:\/\/podernacional.com\/index.php?rest_route=\/wp\/v2\/posts"}],"about":[{"href":"https:\/\/podernacional.com\/index.php?rest_route=\/wp\/v2\/types\/post"}],"author":[{"embeddable":true,"href":"https:\/\/podernacional.com\/index.php?rest_route=\/wp\/v2\/users\/1"}],"replies":[{"embeddable":true,"href":"https:\/\/podernacional.com\/index.php?rest_route=%2Fwp%2Fv2%2Fcomments&post=13057"}],"version-history":[{"count":1,"href":"https:\/\/podernacional.com\/index.php?rest_route=\/wp\/v2\/posts\/13057\/revisions"}],"predecessor-version":[{"id":13058,"href":"https:\/\/podernacional.com\/index.php?rest_route=\/wp\/v2\/posts\/13057\/revisions\/13058"}],"wp:featuredmedia":[{"embeddable":true,"href":"https:\/\/podernacional.com\/index.php?rest_route=\/wp\/v2\/media\/13059"}],"wp:attachment":[{"href":"https:\/\/podernacional.com\/index.php?rest_route=%2Fwp%2Fv2%2Fmedia&parent=13057"}],"wp:term":[{"taxonomy":"category","embeddable":true,"href":"https:\/\/podernacional.com\/index.php?rest_route=%2Fwp%2Fv2%2Fcategories&post=13057"},{"taxonomy":"post_tag","embeddable":true,"href":"https:\/\/podernacional.com\/index.php?rest_route=%2Fwp%2Fv2%2Ftags&post=13057"}],"curies":[{"name":"wp","href":"https:\/\/api.w.org\/{rel}","templated":true}]}}