{"id":13063,"date":"2023-02-22T16:57:21","date_gmt":"2023-02-22T21:57:21","guid":{"rendered":"https:\/\/podernacional.com\/?p=13063"},"modified":"2023-02-22T21:57:23","modified_gmt":"2023-02-22T21:57:23","slug":"estados-unidos-sera-el-invitado-en-el-festival-cervantino-51-de-mexico","status":"publish","type":"post","link":"https:\/\/podernacional.com\/?p=13063","title":{"rendered":"Estados Unidos ser\u00e1 el invitado en el Festival Cervantino 51 de M\u00e9xico"},"content":{"rendered":"<h4>El Festival Cervantino, uno de los eventos culturales m\u00e1s importantes de M\u00e9xico.<\/h4>\n<p>El cual\u00a0contar\u00e1 con Estados Unidos como pa\u00eds invitado para su edici\u00f3n n\u00famero 51.<\/p>\n<p>Adem\u00e1s de\u00a0que se celebrar\u00e1 del 11 al 29 de octubre en la ciudad de Guanajuato.<\/p>\n<p>Esto\u00a0en la capital del estado con el mismo nombre, en el centro del pa\u00eds.<\/p>\n<p>Adem\u00e1s, el estado invitado ser\u00e1 Sonora, cuyo gobernador, Alfonso Durazo, estuvo presente en el evento.<\/p>\n<p>Adem\u00e1s de que est\u00e1 realizado este mi\u00e9rcoles en el emblem\u00e1tico Palacio de Bellas Artes de la Ciudad de M\u00e9xico.<\/p>\n<p>\u00abLe doy la bienvenida a Estados Unidos y Sonora a la fiesta cultural m\u00e1s grande de Am\u00e9rica Latina\u00bb, dijo Mariana Aymerich.<\/p>\n<p>La cual es\u00a0directora del festival y directora general de Promoci\u00f3n y Festivales Culturales.<\/p>\n<p>\u00abHay muchas esperanzas e ilusiones puestas en esta edici\u00f3n y con estos maravillosos invitados de honor\u201d.<\/p>\n<p>\u201cAs\u00ed como que estoy cierta que cumpliremos las expectativas del p\u00fablico. Ser\u00e1 un encuentro lleno de tradici\u00f3n y origen, de vanguardia y diversidad\u00bb, continu\u00f3 Aymerich.<\/p>\n<p>Durazo, por su parte, celebr\u00f3 que el 50 % de los eventos sean gratuitos y agradeci\u00f3 la invitaci\u00f3n al estado que gobierna.<\/p>\n<p>As\u00ed como de\u00a0la posibilidad de que vaya a coincidir con Estados Unidos, pa\u00eds con el que colinda Sonora.<\/p>\n<h4>Asimismo, defendi\u00f3 la existencia de una cultura fronteriza, \u00abuna cultura migrante\u00bb, dijo.<\/h4>\n<p>Ken Salazar, embajador de Estados Unidos en M\u00e9xico, record\u00f3 la visita del presidente Joe Biden a M\u00e9xico en enero y sus palabras.<\/p>\n<p>Al igual que\u00a0en las que consider\u00f3 que la relaci\u00f3n entre ambos pa\u00edses \u00abes para siempre\u00bb.<\/p>\n<p>\u00abEs una oportunidad para adelantar el entendimiento de las dos naciones\u00bb, sentenci\u00f3 Salazar.<\/p>\n<p>Tambi\u00e9n estuvo presente la secretaria de Cultura de M\u00e9xico, Alejandra Frausto, quien dijo que \u00abla cultura es el camino\u00bb.<\/p>\n<p>Esto\u00a0contra la discriminaci\u00f3n y agradeci\u00f3 al gobernador de Guanajuato, Diego Sinuh\u00e9 Rodr\u00edguez -tambi\u00e9n presente-.<\/p>\n<p>Adem\u00e1s de\u00a0los esfuerzos invertidos en la cultura y el festival, el mayor de artes esc\u00e9nicas de Iberoam\u00e9rica.<\/p>\n<p>\u00abNo podemos estar fuera del momento que estamos viviendo como naciones hermanas y la apuesta a la cultura es fundamental\u201d.<\/p>\n<p>\u201cContra la barbarie la cultura es el camino\u00bb, a\u00f1adi\u00f3 Frausto, refiri\u00e9ndose al fen\u00f3meno migratorio creciente que se ha vivido en los \u00faltimos a\u00f1os.<\/p>\n<p>Esto\u00a0con la llegada de miles de migrantes a M\u00e9xico y Estados Unidos.<\/p>\n","protected":false},"excerpt":{"rendered":"<p>El Festival Cervantino, uno de los eventos culturales m\u00e1s importantes de M\u00e9xico. El cual\u00a0contar\u00e1 con Estados Unidos como pa\u00eds invitado para su edici\u00f3n n\u00famero 51. Adem\u00e1s de\u00a0que se celebrar\u00e1 del 11 al 29 de octubre en la ciudad de Guanajuato. Esto\u00a0en la capital del estado con el mismo nombre, en el centro del pa\u00eds. Adem\u00e1s, [&hellip;]<\/p>\n","protected":false},"author":1,"featured_media":13065,"comment_status":"open","ping_status":"closed","sticky":false,"template":"","format":"standard","meta":{"footnotes":""},"categories":[7],"tags":[],"class_list":["post-13063","post","type-post","status-publish","format-standard","has-post-thumbnail","hentry","category-nacional"],"_links":{"self":[{"href":"https:\/\/podernacional.com\/index.php?rest_route=\/wp\/v2\/posts\/13063","targetHints":{"allow":["GET"]}}],"collection":[{"href":"https:\/\/podernacional.com\/index.php?rest_route=\/wp\/v2\/posts"}],"about":[{"href":"https:\/\/podernacional.com\/index.php?rest_route=\/wp\/v2\/types\/post"}],"author":[{"embeddable":true,"href":"https:\/\/podernacional.com\/index.php?rest_route=\/wp\/v2\/users\/1"}],"replies":[{"embeddable":true,"href":"https:\/\/podernacional.com\/index.php?rest_route=%2Fwp%2Fv2%2Fcomments&post=13063"}],"version-history":[{"count":1,"href":"https:\/\/podernacional.com\/index.php?rest_route=\/wp\/v2\/posts\/13063\/revisions"}],"predecessor-version":[{"id":13064,"href":"https:\/\/podernacional.com\/index.php?rest_route=\/wp\/v2\/posts\/13063\/revisions\/13064"}],"wp:featuredmedia":[{"embeddable":true,"href":"https:\/\/podernacional.com\/index.php?rest_route=\/wp\/v2\/media\/13065"}],"wp:attachment":[{"href":"https:\/\/podernacional.com\/index.php?rest_route=%2Fwp%2Fv2%2Fmedia&parent=13063"}],"wp:term":[{"taxonomy":"category","embeddable":true,"href":"https:\/\/podernacional.com\/index.php?rest_route=%2Fwp%2Fv2%2Fcategories&post=13063"},{"taxonomy":"post_tag","embeddable":true,"href":"https:\/\/podernacional.com\/index.php?rest_route=%2Fwp%2Fv2%2Ftags&post=13063"}],"curies":[{"name":"wp","href":"https:\/\/api.w.org\/{rel}","templated":true}]}}