{"id":13069,"date":"2023-02-22T17:07:22","date_gmt":"2023-02-22T22:07:22","guid":{"rendered":"https:\/\/podernacional.com\/?p=13069"},"modified":"2023-02-22T22:07:24","modified_gmt":"2023-02-22T22:07:24","slug":"donde-se-encuentra-el-aeropuerto-internacional-mas-alto-del-mundo","status":"publish","type":"post","link":"https:\/\/podernacional.com\/?p=13069","title":{"rendered":"\u00bfD\u00f3nde se encuentra el aeropuerto internacional m\u00e1s alto del mundo?"},"content":{"rendered":"<h4>Se llama \u201cEl Alto\u201d, tiene m\u00e1s de 60 a\u00f1os, recibe un promedio de 1.400.000 pasajeros por a\u00f1o.<\/h4>\n<p>Aeropuerto internacional: Adem\u00e1s de que se encuentra a 4.061 metros sobre el nivel del mar.<\/p>\n<p>Aterrizar entre las monta\u00f1as es una experiencia muy habitual para la mayor\u00eda de los pilotos.<\/p>\n<p>Pero, sin importar las circunstancias, nada se compara con ingresar en la pista de \u201cEl Alto\u201d: el aeropuerto internacional m\u00e1s alto del mundo.<\/p>\n<p>Esta terminal a\u00e9rea se encuentra en Bolivia, m\u00e1s precisamente en el \u00e1rea metropolitana de La Paz.<\/p>\n<p>Y, si bien aparenta tener las mismas caracter\u00edsticas que cualquier otro aeropuerto, sus fotos no reflejan la altitud del establecimiento.<\/p>\n<p>Es decir, \u201cEl Alto\u201d es el aeropuerto internacional m\u00e1s alto del mundo.<\/p>\n<p>Esto\u00a0porque es el \u00fanico en ser construido a una altura de 4.061 metros sobre el nivel del mar, al borde de la Cordillera de los Andes.<\/p>\n<h4>\u00bfCu\u00e1l es la historia del aeropuerto internacional m\u00e1s alto del mundo?<\/h4>\n<p>El aeropuerto internacional m\u00e1s alto del mundo comenz\u00f3 a funcionar a mediados del siglo XX.<\/p>\n<p>Esto\u00a0como una peque\u00f1a pista de aterrizaje conocida bajo el nombre de \u00abAeropuerto John F. Kennedy\u00bb.<\/p>\n<p>De todas formas, la terminal a\u00e9rea se someti\u00f3 a un intenso trabajo de restauraci\u00f3n y ampliaci\u00f3n, que le permiti\u00f3 adquirir su categor\u00eda \u201cinternacional\u201d.<\/p>\n<p>Adem\u00e1s de\u00a0sustituir su antiguo nombre (que era similar al que tiene el Aeropuerto de Nueva York, en Estados Unidos) por el actual.<\/p>\n<p>Finalmente, una vez que concluyeron las obras, el aeropuerto internacional m\u00e1s alto del mundo abri\u00f3 sus puertas el 18 de junio de 1965.<\/p>\n<p>As\u00ed como\u00a0desde entonces opera de forma tradicional, a m\u00e1s de 4.000 metros de altura sobre el nivel del mar.<\/p>\n<p>Terminal del aeropuerto internacional m\u00e1s alto del mundo.<\/p>\n<h4>\u00bfQu\u00e9 caracter\u00edsticas tiene el aeropuerto de El Alto?<\/h4>\n<p>Es evidente que, al momento de hablar sobre el Aeropuerto Internacional de El Alto, su altura es el dato m\u00e1s relevante.<\/p>\n<p>Pero, al observar las instalaciones con detenimiento, es posible encontrar otras curiosidades.<\/p>\n<p>Entonces, adem\u00e1s de su impactante elevaci\u00f3n del terreno, esta terminal a\u00e9rea tambi\u00e9n se destaca por las siguientes caracter\u00edsticas:<\/p>\n<p>Es el aeropuerto m\u00e1s importante del \u00e1rea metropolitana de La Paz, Bolivia.<\/p>\n<p>Es uno de los aeropuertos m\u00e1s transitados del pa\u00eds.<\/p>\n<p>Adem\u00e1s de sus modernas salas de preembarque nacional e internacional, este aeropuerto tambi\u00e9n tiene restaurantes y tiendas de artesan\u00edas.<\/p>\n<p>Dispone de dos pistas que alcanzan una longitud de 4.000 metros.<\/p>\n<p>La temperatura promedio en el aeropuerto es de 6\u00b0C.<\/p>\n<p>Recibe un promedio de 1.400.000 pasajeros al a\u00f1o.<\/p>\n<p>Vista a\u00e9rea nocturna del aeropuerto internacional m\u00e1s alto del mundo.<\/p>\n<h4>\u00bfPor qu\u00e9 el aeropuerto internacional m\u00e1s alto del mundo es muy importante para Bolivia?<\/h4>\n<p>El aeropuerto internacional m\u00e1s alto del mundo es de gran relevancia para Bolivia.<\/p>\n<p>Esto porque se encuentra frente a la ciudad de El Alto y a tan solo 14,5 kil\u00f3metros de la capital nacional.<\/p>\n<p>Y, a pesar de que no pueda recibir aviones comerciales de fuselaje ancho debido a la altura.<\/p>\n<p>Adem\u00e1s de que realiza cientos de operaciones a\u00e9reas al a\u00f1o y cuenta con una amplia oferta de viajes nacionales e internacionales.<\/p>\n","protected":false},"excerpt":{"rendered":"<p>Se llama \u201cEl Alto\u201d, tiene m\u00e1s de 60 a\u00f1os, recibe un promedio de 1.400.000 pasajeros por a\u00f1o. Aeropuerto internacional: Adem\u00e1s de que se encuentra a 4.061 metros sobre el nivel del mar. Aterrizar entre las monta\u00f1as es una experiencia muy habitual para la mayor\u00eda de los pilotos. Pero, sin importar las circunstancias, nada se compara [&hellip;]<\/p>\n","protected":false},"author":1,"featured_media":13071,"comment_status":"open","ping_status":"closed","sticky":false,"template":"","format":"standard","meta":{"footnotes":""},"categories":[5],"tags":[],"class_list":["post-13069","post","type-post","status-publish","format-standard","has-post-thumbnail","hentry","category-internacional"],"_links":{"self":[{"href":"https:\/\/podernacional.com\/index.php?rest_route=\/wp\/v2\/posts\/13069","targetHints":{"allow":["GET"]}}],"collection":[{"href":"https:\/\/podernacional.com\/index.php?rest_route=\/wp\/v2\/posts"}],"about":[{"href":"https:\/\/podernacional.com\/index.php?rest_route=\/wp\/v2\/types\/post"}],"author":[{"embeddable":true,"href":"https:\/\/podernacional.com\/index.php?rest_route=\/wp\/v2\/users\/1"}],"replies":[{"embeddable":true,"href":"https:\/\/podernacional.com\/index.php?rest_route=%2Fwp%2Fv2%2Fcomments&post=13069"}],"version-history":[{"count":1,"href":"https:\/\/podernacional.com\/index.php?rest_route=\/wp\/v2\/posts\/13069\/revisions"}],"predecessor-version":[{"id":13070,"href":"https:\/\/podernacional.com\/index.php?rest_route=\/wp\/v2\/posts\/13069\/revisions\/13070"}],"wp:featuredmedia":[{"embeddable":true,"href":"https:\/\/podernacional.com\/index.php?rest_route=\/wp\/v2\/media\/13071"}],"wp:attachment":[{"href":"https:\/\/podernacional.com\/index.php?rest_route=%2Fwp%2Fv2%2Fmedia&parent=13069"}],"wp:term":[{"taxonomy":"category","embeddable":true,"href":"https:\/\/podernacional.com\/index.php?rest_route=%2Fwp%2Fv2%2Fcategories&post=13069"},{"taxonomy":"post_tag","embeddable":true,"href":"https:\/\/podernacional.com\/index.php?rest_route=%2Fwp%2Fv2%2Ftags&post=13069"}],"curies":[{"name":"wp","href":"https:\/\/api.w.org\/{rel}","templated":true}]}}