{"id":1307,"date":"2020-09-10T14:51:46","date_gmt":"2020-09-10T14:51:46","guid":{"rendered":"http:\/\/whatsappcancun.com\/?p=1307"},"modified":"2020-09-10T14:51:46","modified_gmt":"2020-09-10T14:51:46","slug":"nina-de-un-ano-sobrevive-a-mordedura-de-serpiente-coralillo-en-chiapas","status":"publish","type":"post","link":"https:\/\/podernacional.com\/?p=1307","title":{"rendered":"Ni\u00f1a de un a\u00f1o sobrevive a mordedura de serpiente coralillo en Chiapas"},"content":{"rendered":"\n<h1 class=\"wp-block-heading\">La peque\u00f1a se encontraba en casa de sus abuelos cuando sufri\u00f3 la mordedura de la peligrosa serpiente coralillo<\/h1>\n\n\n\n<p>CHIAPAS.- La peque\u00f1a&nbsp;<strong>Frida de un a\u00f1o y nueve meses de edad<\/strong>, sobrevivi\u00f3 a la mordedura de una serpiente coralillo cuando se encontraba a cargo de sus abuelos en el<strong>&nbsp;municipio de San Fernando, Chiapas;<\/strong>&nbsp;el reptil atac\u00f3 a la menor en el pie derecho por lo que sus familiares entraron en p\u00e1nico.<\/p>\n\n\n\n<p>La familia de la peque\u00f1a Frida&nbsp;<strong>intent\u00f3 extraer el veneno&nbsp;<\/strong>por su propia cuenta sin \u00e9xito, por lo que decidieron trasladarla urgentemente a un hospital particular pero este la mand\u00f3 al&nbsp;<strong>Hospital General Jes\u00fas Gilberto G\u00f3mez Maza en la ciudad de Tuxtla Guti\u00e9rrez,<\/strong>&nbsp;donde le fue administrado un ant\u00eddoto contra el veneno de este animal.<\/p>\n\n\n\n<figure class=\"wp-block-image\"><img decoding=\"async\" src=\"https:\/\/www.meganews.mx\/wp-content\/uploads\/2020\/09\/Peque%C3%B1a-de-un-a%C3%B1o-sufre-mordedura-de-serpiente-coralillo-en-Chiapas-2.jpg\" alt=\"Peque\u00f1a de un a\u00f1o sufre mordedura de serpiente coralillo en Chiapas \" class=\"wp-image-163513\"\/><\/figure>\n\n\n\n<p>\u201cAfortunadamente en el hospital ten\u00edamos el antiveneno para poder utilizarlo en ese momento y entonces se pudo dar la&nbsp;<strong>atenci\u00f3n tempranamente<\/strong>&nbsp;a la ni\u00f1a, a pesar de todo s\u00ed estuvo grave, inestable en principio, los primeros dos d\u00edas tuvimos que hospitalizarla e ingresar a terapia intensiva, donde estuvo tres d\u00edas en los que estuvo entubada\u201d, coment\u00f3&nbsp;<strong>Kevin V\u00e1zquez, jefe del \u00c1rea de Pediatr\u00eda.<\/strong><\/p>\n\n\n\n<p>La peque\u00f1a que se encontraba ya en un estado grave&nbsp;<strong>tuvo que recibir 12 ant\u00eddotos diferentes y se requiri\u00f3 ingresarla al \u00e1rea de terapia intensiva durante tres d\u00edas consecutivos;<\/strong>&nbsp;afortunadamente la peque\u00f1a Frida reaccion\u00f3 favorablemente al tratamiento por lo que pudo ser&nbsp;<strong>dada de alta&nbsp;<\/strong>a la semana del incidente. La serpiente coralillo es una de las m\u00e1s peligrosas en su especie, la cual se encuentra con facilidad en las zonas tropicales y se identifica por sus anillos rojos, negros, blancos y\/o amarillos.<\/p>\n","protected":false},"excerpt":{"rendered":"<p>La peque\u00f1a se encontraba en casa de sus abuelos cuando sufri\u00f3 la mordedura de la peligrosa serpiente coralillo CHIAPAS.- La peque\u00f1a&nbsp;Frida de un a\u00f1o y nueve meses de edad, sobrevivi\u00f3 a la mordedura de una serpiente coralillo cuando se encontraba a cargo de sus abuelos en el&nbsp;municipio de San Fernando, Chiapas;&nbsp;el reptil atac\u00f3 a la [&hellip;]<\/p>\n","protected":false},"author":1,"featured_media":1308,"comment_status":"open","ping_status":"open","sticky":false,"template":"","format":"standard","meta":{"footnotes":""},"categories":[12],"tags":[],"class_list":["post-1307","post","type-post","status-publish","format-standard","has-post-thumbnail","hentry","category-sin-categoria"],"_links":{"self":[{"href":"https:\/\/podernacional.com\/index.php?rest_route=\/wp\/v2\/posts\/1307","targetHints":{"allow":["GET"]}}],"collection":[{"href":"https:\/\/podernacional.com\/index.php?rest_route=\/wp\/v2\/posts"}],"about":[{"href":"https:\/\/podernacional.com\/index.php?rest_route=\/wp\/v2\/types\/post"}],"author":[{"embeddable":true,"href":"https:\/\/podernacional.com\/index.php?rest_route=\/wp\/v2\/users\/1"}],"replies":[{"embeddable":true,"href":"https:\/\/podernacional.com\/index.php?rest_route=%2Fwp%2Fv2%2Fcomments&post=1307"}],"version-history":[{"count":0,"href":"https:\/\/podernacional.com\/index.php?rest_route=\/wp\/v2\/posts\/1307\/revisions"}],"wp:featuredmedia":[{"embeddable":true,"href":"https:\/\/podernacional.com\/index.php?rest_route=\/wp\/v2\/media\/1308"}],"wp:attachment":[{"href":"https:\/\/podernacional.com\/index.php?rest_route=%2Fwp%2Fv2%2Fmedia&parent=1307"}],"wp:term":[{"taxonomy":"category","embeddable":true,"href":"https:\/\/podernacional.com\/index.php?rest_route=%2Fwp%2Fv2%2Fcategories&post=1307"},{"taxonomy":"post_tag","embeddable":true,"href":"https:\/\/podernacional.com\/index.php?rest_route=%2Fwp%2Fv2%2Ftags&post=1307"}],"curies":[{"name":"wp","href":"https:\/\/api.w.org\/{rel}","templated":true}]}}