{"id":13105,"date":"2023-02-23T16:23:08","date_gmt":"2023-02-23T21:23:08","guid":{"rendered":"https:\/\/podernacional.com\/?p=13105"},"modified":"2023-02-23T21:23:09","modified_gmt":"2023-02-23T21:23:09","slug":"estados-unidos-y-sonora-seran-los-invitados-de-honor-del-festival-cervantino-2023","status":"publish","type":"post","link":"https:\/\/podernacional.com\/?p=13105","title":{"rendered":"Estados Unidos y Sonora ser\u00e1n los invitados de honor del Festival Cervantino 2023"},"content":{"rendered":"<h4>Ken Salazar, embajador de los Estados Unidos en M\u00e9xico; Diego Sinhue, gobernador de Guanajuato; Alejandra Frausto, secretaria de Cultura.<\/h4>\n<p>Estados Unidos y Sonora: Adem\u00e1s de Alfonso Durazo, gobernador de Sonora, durante el anuncio de Sonora y Estados Unidos como invitados especiales.<\/p>\n<p>La edici\u00f3n n\u00famero 51 de La Fiesta del esp\u00edritu se celebrar\u00e1 del 13 al 29 de octubre.<\/p>\n<p>As\u00ed como que\u00a0detall\u00f3 el gobernador de Guanajuato, Diego Sinhue, acompa\u00f1ado por el embajador de Estados Unidos en M\u00e9xico.<\/p>\n<p>Adem\u00e1s de\u00a0Ken Salazar; la secretaria de Cultura, Alejandra Frausto; y el gobernador sonorense, Alfonso Durazo.<\/p>\n<p>La 51 edici\u00f3n del Festival Internacional Cervantino (FIC), ser\u00e1 del 13 al 29 de octubre con Sonora,\u00a0Estados Unidos de Am\u00e9rica como invitados de honor.<\/p>\n<p>Este mi\u00e9rcoles, en el Palacio de Bellas Artes, el gobernador de Guanajuato, Diego Sinhue Rodr\u00edguez Vallejo.<\/p>\n<p>As\u00ed como que\u00a0presidi\u00f3 la presentaci\u00f3n de esta nueva edici\u00f3n en la Capital Cervantina de Am\u00e9rica, donde converge la cultura mundial.<\/p>\n<p>\u201cSer\u00e1 un gran festival con dos invitados de s\u00faper lujo; Sonora y Estados Unidos son grandes por su cosmovisi\u00f3n cultural\u201d.<\/p>\n<h4>\u201cAs\u00ed como m\u00e1s de un mill\u00f3n y medio de guanajuatenses viven en Estados Unidos.<\/h4>\n<p>\u00abMe imagino este festival como un encuentro entre familias, de aquellos que se fueron y que hoy regresan como invitados\u201d.<\/p>\n<p>\u201cAdem\u00e1s del\u00a0porque hay una gran descendencia de m\u00e9xico-americanos\u00bb, dijo el gobernador.<\/p>\n<p>Estados Unidos, agreg\u00f3, es un pa\u00eds amigo y socio de Guanajuato; con Sonora se fortalecer\u00e1n los lazos de amistad y de cooperaci\u00f3n.<\/p>\n<p>As\u00ed como que\u00a0pues la cultura es un puente de amistad que une al interior de M\u00e9xico.<\/p>\n<p>Esto\u00a0con todo el mundo para mostrar las Bellas Artes desde un solo lugar: Guanajuato.<\/p>\n<p>\u201cHay una gran relaci\u00f3n de Guanajuato con Estados Unidos, no se entiende el crecimiento de los \u00faltimos treinta a\u00f1os de Guanajuato\u201d.<\/p>\n<p>\u201cEsto\u00a0sin Estados Unidos, porque exportamos zapatos, veh\u00edculos, ropa, alimentos, entre muchas cosas m\u00e1s; es un gran invitado para Guanajuato\u201d.<\/p>\n<p>\u201cAdem\u00e1s que, no s\u00f3lo por la relaci\u00f3n, sino por la historia que nos une.<\/p>\n<p>Por su parte, la Secretaria de Cultura del gobierno federal, Alejandra Frausto Guerrero.<\/p>\n<p>El cual\u00a0coincidi\u00f3 en que el Festival Cervantino logra situar lo extraordinario de las artes en un escenario inigualable como Guanajuato.<\/p>\n<p>\u00abTodas las culturas del mundo son bienvenidas en el Cervantino, porque ha sido el espacio de di\u00e1logo, de contacto con la riqueza art\u00edstica y cultural\u201d.<\/p>\n<p>\u201cEl cual\u00a0son el alma de las naciones y de los pueblos\u00bb, dijo.<\/p>\n<p>&nbsp;<\/p>\n","protected":false},"excerpt":{"rendered":"<p>Ken Salazar, embajador de los Estados Unidos en M\u00e9xico; Diego Sinhue, gobernador de Guanajuato; Alejandra Frausto, secretaria de Cultura. Estados Unidos y Sonora: Adem\u00e1s de Alfonso Durazo, gobernador de Sonora, durante el anuncio de Sonora y Estados Unidos como invitados especiales. La edici\u00f3n n\u00famero 51 de La Fiesta del esp\u00edritu se celebrar\u00e1 del 13 al [&hellip;]<\/p>\n","protected":false},"author":1,"featured_media":13107,"comment_status":"open","ping_status":"closed","sticky":false,"template":"","format":"standard","meta":{"footnotes":""},"categories":[2],"tags":[],"class_list":["post-13105","post","type-post","status-publish","format-standard","has-post-thumbnail","hentry","category-cultural"],"_links":{"self":[{"href":"https:\/\/podernacional.com\/index.php?rest_route=\/wp\/v2\/posts\/13105","targetHints":{"allow":["GET"]}}],"collection":[{"href":"https:\/\/podernacional.com\/index.php?rest_route=\/wp\/v2\/posts"}],"about":[{"href":"https:\/\/podernacional.com\/index.php?rest_route=\/wp\/v2\/types\/post"}],"author":[{"embeddable":true,"href":"https:\/\/podernacional.com\/index.php?rest_route=\/wp\/v2\/users\/1"}],"replies":[{"embeddable":true,"href":"https:\/\/podernacional.com\/index.php?rest_route=%2Fwp%2Fv2%2Fcomments&post=13105"}],"version-history":[{"count":1,"href":"https:\/\/podernacional.com\/index.php?rest_route=\/wp\/v2\/posts\/13105\/revisions"}],"predecessor-version":[{"id":13106,"href":"https:\/\/podernacional.com\/index.php?rest_route=\/wp\/v2\/posts\/13105\/revisions\/13106"}],"wp:featuredmedia":[{"embeddable":true,"href":"https:\/\/podernacional.com\/index.php?rest_route=\/wp\/v2\/media\/13107"}],"wp:attachment":[{"href":"https:\/\/podernacional.com\/index.php?rest_route=%2Fwp%2Fv2%2Fmedia&parent=13105"}],"wp:term":[{"taxonomy":"category","embeddable":true,"href":"https:\/\/podernacional.com\/index.php?rest_route=%2Fwp%2Fv2%2Fcategories&post=13105"},{"taxonomy":"post_tag","embeddable":true,"href":"https:\/\/podernacional.com\/index.php?rest_route=%2Fwp%2Fv2%2Ftags&post=13105"}],"curies":[{"name":"wp","href":"https:\/\/api.w.org\/{rel}","templated":true}]}}