{"id":13111,"date":"2023-02-23T16:32:39","date_gmt":"2023-02-23T21:32:39","guid":{"rendered":"https:\/\/podernacional.com\/?p=13111"},"modified":"2023-02-23T21:32:40","modified_gmt":"2023-02-23T21:32:40","slug":"oaxaca-vuelve-al-festival-internacional-de-organo-y-musica-antigua","status":"publish","type":"post","link":"https:\/\/podernacional.com\/?p=13111","title":{"rendered":"Oaxaca vuelve al Festival Internacional de \u00d3rgano y M\u00fasica Antigua"},"content":{"rendered":"<h4>Se tratar\u00e1n de ocho conciertos de \u00f3rgano<\/h4>\n<p>Luego del silencio que impuso la pandemia de Covid-19.<\/p>\n<p>As\u00ed como\u00a0este 2023 vuelve a suelo oaxaque\u00f1o el Festival Internacional de \u00d3rgano y M\u00fasica Antigua en su 14 edici\u00f3n.<\/p>\n<p>As\u00ed como\u00a0con ocho conciertos en \u00f3rganos hist\u00f3ricos que datan incluso del siglo XVI e interpretaciones de piezas in\u00e9ditas.<\/p>\n<p>El cual\u00a0que dan fe de la gran importancia de Oaxaca como centro musical.<\/p>\n<p>Impulsado y organizado por el Instituto de \u00d3rganos Hist\u00f3ricos de Oaxaca (IOHIO).<\/p>\n<p>Adem\u00e1s\u00a0de este 22 al 27 de febrero locales y visitantes podr\u00e1n escuchar piezas de m\u00fasica antigua interpretada por talentos internacionales y nacionales.<\/p>\n<p>As\u00ed como en presentaciones in\u00e9ditas que brindar\u00e1n al p\u00fabico la oportunidad de escuchar a estos legendarios tesoros.<\/p>\n<h4>Adem\u00e1s de\u00a0instrumentos hist\u00f3ricos de concierto ligados a la religiosidad y la ceremonia.<\/h4>\n<p>Los conciertos se celebraran en templos como la Bas\u00edlica de La Soledad.<\/p>\n<p>El cual\u00a0cuenta con el \u00f3rgano m\u00e1s antiguo del que se tiene registro en Oaxaca, de 1686; en Santo Domingo Yanhuitl\u00e1n.<\/p>\n<p>Adem\u00e1s que\u00a0con una instrumento de 1690; La \u00a0Catedral, en su \u00f3rgano de 1712; Santa Mar\u00eda Natividad Tamazulapan, de 1725.<\/p>\n<p>As\u00ed como en San Andr\u00e9s Zautla de 1726, San Jer\u00f3nimo Tlacochahuaya de aproximadamente 1730, Santa Mar\u00eda Tlacolula de 1792, y San Mat\u00edas Jalatlaco de 1866.<\/p>\n<p>Los conciertos donde se interpretar\u00e1n estas piezas de m\u00fasica antigua estar\u00e1n en manos de reconocidos organistas como:<\/p>\n<p>Kimberly Marshall (EEUU), Juan Mar\u00eda Pedrero (Espa\u00f1a), V\u00edctor Contreras (M\u00e9xico) y el trompetista y trombonista Faustino D\u00edaz (Oaxaca).<\/p>\n<p>Adem\u00e1s de Cecilia Winter, organista, y Valent\u00edn Hern\u00e1ndez, percusionista.<\/p>\n<p>Adem\u00e1s, se incluir\u00e1n conciertos colectivos en San Andr\u00e9s Zautla y Santa Mar\u00eda Tamazulapan.<\/p>\n<p>\u201cPresentados por organistas profesionales y estudiantes avanzados nacionales e internacionales que har\u00e1n de cada presentaci\u00f3n una experiencia \u00fanica\u201d, aseguran los organizadores.<\/p>\n<p>Festival Internacional de \u00d3rgano y M\u00fasica Antigua<\/p>\n<p>&nbsp;<\/p>\n","protected":false},"excerpt":{"rendered":"<p>Se tratar\u00e1n de ocho conciertos de \u00f3rgano Luego del silencio que impuso la pandemia de Covid-19. As\u00ed como\u00a0este 2023 vuelve a suelo oaxaque\u00f1o el Festival Internacional de \u00d3rgano y M\u00fasica Antigua en su 14 edici\u00f3n. As\u00ed como\u00a0con ocho conciertos en \u00f3rganos hist\u00f3ricos que datan incluso del siglo XVI e interpretaciones de piezas in\u00e9ditas. El cual\u00a0que [&hellip;]<\/p>\n","protected":false},"author":1,"featured_media":13113,"comment_status":"open","ping_status":"closed","sticky":false,"template":"","format":"standard","meta":{"footnotes":""},"categories":[5],"tags":[],"class_list":["post-13111","post","type-post","status-publish","format-standard","has-post-thumbnail","hentry","category-internacional"],"_links":{"self":[{"href":"https:\/\/podernacional.com\/index.php?rest_route=\/wp\/v2\/posts\/13111","targetHints":{"allow":["GET"]}}],"collection":[{"href":"https:\/\/podernacional.com\/index.php?rest_route=\/wp\/v2\/posts"}],"about":[{"href":"https:\/\/podernacional.com\/index.php?rest_route=\/wp\/v2\/types\/post"}],"author":[{"embeddable":true,"href":"https:\/\/podernacional.com\/index.php?rest_route=\/wp\/v2\/users\/1"}],"replies":[{"embeddable":true,"href":"https:\/\/podernacional.com\/index.php?rest_route=%2Fwp%2Fv2%2Fcomments&post=13111"}],"version-history":[{"count":1,"href":"https:\/\/podernacional.com\/index.php?rest_route=\/wp\/v2\/posts\/13111\/revisions"}],"predecessor-version":[{"id":13112,"href":"https:\/\/podernacional.com\/index.php?rest_route=\/wp\/v2\/posts\/13111\/revisions\/13112"}],"wp:featuredmedia":[{"embeddable":true,"href":"https:\/\/podernacional.com\/index.php?rest_route=\/wp\/v2\/media\/13113"}],"wp:attachment":[{"href":"https:\/\/podernacional.com\/index.php?rest_route=%2Fwp%2Fv2%2Fmedia&parent=13111"}],"wp:term":[{"taxonomy":"category","embeddable":true,"href":"https:\/\/podernacional.com\/index.php?rest_route=%2Fwp%2Fv2%2Fcategories&post=13111"},{"taxonomy":"post_tag","embeddable":true,"href":"https:\/\/podernacional.com\/index.php?rest_route=%2Fwp%2Fv2%2Ftags&post=13111"}],"curies":[{"name":"wp","href":"https:\/\/api.w.org\/{rel}","templated":true}]}}