{"id":13114,"date":"2023-02-23T16:37:59","date_gmt":"2023-02-23T21:37:59","guid":{"rendered":"https:\/\/podernacional.com\/?p=13114"},"modified":"2023-02-23T21:38:01","modified_gmt":"2023-02-23T21:38:01","slug":"inauguran-nueva-oficina-de-pasaportes-en-quintana-roo","status":"publish","type":"post","link":"https:\/\/podernacional.com\/?p=13114","title":{"rendered":"Inauguran nueva oficina de pasaportes en Quintana Roo"},"content":{"rendered":"<h4>En el espacio, ubicado en plaza Kukulc\u00e1n de Canc\u00fan, se emitir\u00e1n unos 600 documentos al d\u00eda<\/h4>\n<p>Nueva oficina de pasaportes: Un promedio de 600 pasaportes al d\u00eda podr\u00e1n expedirse en las nuevas oficinas de Pasaportes en Quintana Roo.<\/p>\n<p>As\u00ed como estar\u00a0ubicadas en plaza Kukulc\u00e1n, que fueron inauguradas este jueves por el titular de la Secretar\u00eda de Relaciones Exteriores.<\/p>\n<p>El cual\u00a0Marcelo Ebrard y quien estuvo acompa\u00f1ado de la gobernadora del estado, Mara Lezama Espinosa, as\u00ed como de varias presidentes municipales del estado.<\/p>\n<p>\u201cAqu\u00ed se van a elaborar aproximadamente el orden de 600 pasaportes al d\u00eda\u201d.<\/p>\n<p>\u201cEs por supuesto la oficina m\u00e1s grande que tenemos en la pen\u00ednsula, la m\u00e1s moderna, tenemos sala de lactancia, tenemos \u00e1rea para los peque\u00f1os\u201d.<\/p>\n<p>\u201cAs\u00ed como\u00a0porque muchas veces no se les tomaba en cuenta; est\u00e1 se\u00f1alizada para las personas que tienen alguna discapacidad\u201d.<\/p>\n<p>\u201cAdem\u00e1s de\u00a0la intenci\u00f3n es que el pasaporte est\u00e9 en 45 minutos\u201d, especific\u00f3 el canciller desde Canc\u00fan.<\/p>\n<p>Estas nuevas oficinas estar\u00e1n abiertas de lunes a domingo, de 8 de la ma\u00f1ana a 8 de la noche.<\/p>\n<p>Esto en un espacio con inversi\u00f3n de la Iniciativa Privada y en la que el gobierno federal pagar\u00e1 \u00fanicamente 50 pesos por metro cuadrado.<\/p>\n<p>As\u00ed\u00a0mismo monto que se pagaba en las oficinas de la avenida Nader, que dejar\u00e1n de operar.<\/p>\n<p>\u201cSe incorporan los biom\u00e9tricos: es el primer documento oficial que incorpora el iris de las personas, que equivale a las huellas dactilares.<\/p>\n<h4>Tambi\u00e9n el pasaporte nuevo, lo que estamos haciendo es poner (la fotograf\u00eda de) el pap\u00e1, la mam\u00e1 y la menor.<\/h4>\n<p>\u201cYa que\u00a0es el \u00fanico documento oficial en el que vas a tener, qui\u00e9n tiene la patria potestad, esto va a permitir proteger\u201d.<\/p>\n<p>Este comparti\u00f3 el alto funcionario.<\/p>\n<p>Adem\u00e1s, este nuevo pasaporte tiene un chip en un costado, en donde viene cargada toda la informaci\u00f3n biom\u00e9trica.<\/p>\n<p>Por lo que no se puede falsificar, algo que ocurr\u00eda anteriormente, con las mismas tarifas.<\/p>\n<p>Al respecto, la gobernadora Mara Lezama reconoci\u00f3 la labor del canciller.<\/p>\n<p>As\u00ed como\u00a0quien hizo posible este cambio de oficinas, una necesidad para todos los quintanarroenses.<\/p>\n<p>Adem\u00e1s de\u00a0quienes ten\u00edan muchas complicaciones para poder obtener o renovar su pasaporte.<\/p>\n<p>Recordaron que las oficinas de Canc\u00fan funcionaron en las mismas condiciones por m\u00e1s de 20 a\u00f1os.<\/p>\n<p>Pero ya estaban totalmente rebasadas por el crecimiento exponencial de la poblaci\u00f3n.<\/p>\n<p>Tanto Lezama como Ebrard indicaron que en breve trabajar\u00e1n para poder instalar oficinas en Cozumel y Chetumal.<\/p>\n<p>Esto por lo complicado que es trasladarse hasta Canc\u00fan.<\/p>\n","protected":false},"excerpt":{"rendered":"<p>En el espacio, ubicado en plaza Kukulc\u00e1n de Canc\u00fan, se emitir\u00e1n unos 600 documentos al d\u00eda Nueva oficina de pasaportes: Un promedio de 600 pasaportes al d\u00eda podr\u00e1n expedirse en las nuevas oficinas de Pasaportes en Quintana Roo. As\u00ed como estar\u00a0ubicadas en plaza Kukulc\u00e1n, que fueron inauguradas este jueves por el titular de la Secretar\u00eda [&hellip;]<\/p>\n","protected":false},"author":1,"featured_media":13116,"comment_status":"open","ping_status":"closed","sticky":false,"template":"","format":"standard","meta":{"footnotes":""},"categories":[10],"tags":[],"class_list":["post-13114","post","type-post","status-publish","format-standard","has-post-thumbnail","hentry","category-quintana-roo"],"_links":{"self":[{"href":"https:\/\/podernacional.com\/index.php?rest_route=\/wp\/v2\/posts\/13114","targetHints":{"allow":["GET"]}}],"collection":[{"href":"https:\/\/podernacional.com\/index.php?rest_route=\/wp\/v2\/posts"}],"about":[{"href":"https:\/\/podernacional.com\/index.php?rest_route=\/wp\/v2\/types\/post"}],"author":[{"embeddable":true,"href":"https:\/\/podernacional.com\/index.php?rest_route=\/wp\/v2\/users\/1"}],"replies":[{"embeddable":true,"href":"https:\/\/podernacional.com\/index.php?rest_route=%2Fwp%2Fv2%2Fcomments&post=13114"}],"version-history":[{"count":1,"href":"https:\/\/podernacional.com\/index.php?rest_route=\/wp\/v2\/posts\/13114\/revisions"}],"predecessor-version":[{"id":13115,"href":"https:\/\/podernacional.com\/index.php?rest_route=\/wp\/v2\/posts\/13114\/revisions\/13115"}],"wp:featuredmedia":[{"embeddable":true,"href":"https:\/\/podernacional.com\/index.php?rest_route=\/wp\/v2\/media\/13116"}],"wp:attachment":[{"href":"https:\/\/podernacional.com\/index.php?rest_route=%2Fwp%2Fv2%2Fmedia&parent=13114"}],"wp:term":[{"taxonomy":"category","embeddable":true,"href":"https:\/\/podernacional.com\/index.php?rest_route=%2Fwp%2Fv2%2Fcategories&post=13114"},{"taxonomy":"post_tag","embeddable":true,"href":"https:\/\/podernacional.com\/index.php?rest_route=%2Fwp%2Fv2%2Ftags&post=13114"}],"curies":[{"name":"wp","href":"https:\/\/api.w.org\/{rel}","templated":true}]}}