{"id":13117,"date":"2023-02-23T16:42:04","date_gmt":"2023-02-23T21:42:04","guid":{"rendered":"https:\/\/podernacional.com\/?p=13117"},"modified":"2023-02-23T21:42:05","modified_gmt":"2023-02-23T21:42:05","slug":"mara-lezama-gestiona-nuevas-oficinas-de-relaciones-exteriores-en-quintana-roo","status":"publish","type":"post","link":"https:\/\/podernacional.com\/?p=13117","title":{"rendered":"Mara Lezama gestiona Nuevas oficinas de Relaciones Exteriores en Quintana Roo"},"content":{"rendered":"<h4>Despu\u00e9s de 23 a\u00f1os, la gobernadora Mara Lezama y el secretario Marcelo Ebrard modernizan servicio a las y los quintanarroenses, turistas y visitantes<\/h4>\n<p>A partir de hoy las y los quintanarroenses cuentan con nuevas oficinas para la expedici\u00f3n y renovaci\u00f3n de pasaportes.<\/p>\n<p>As\u00ed como el\u00a0resultado de las gestiones y la buena relaci\u00f3n con el Gobierno de M\u00e9xico de la gobernadora Mara Lezama Espinosa.<\/p>\n<p>Adem\u00e1s que\u00a0para modernizar, despu\u00e9s de 23 a\u00f1os, las instalaciones en beneficio de las y los quintanarroenses, visitantes y sus turistas.<\/p>\n<p>La gobernadora Mara Lezama Espinosa y el secretario Marcelo Ebrard Casaubon pusieron en servicio las nuevas oficinas.<\/p>\n<p>As\u00ed como\u00a0de la Secretar\u00eda de Relaciones Exteriores (SRE) en Plaza Kukulc\u00e1n ubicada en el kil\u00f3metro 13 de la zona hotelera.<\/p>\n<p>El cual\u00a0tendr\u00e1 atenci\u00f3n a la ciudadan\u00eda de lunes a domingo de 8 de la ma\u00f1ana a 8 de la noche.<\/p>\n<p>Adem\u00e1s de que incrementar\u00e1 su capacidad de atenci\u00f3n en m\u00e1s del 400%.<\/p>\n<p>La buena relaci\u00f3n del Gobierno del Estado con el Gobierno de M\u00e9xico permite la r\u00e1pida materializaci\u00f3n.<\/p>\n<h4>Esto\u00a0de los proyectos en beneficio de la poblaci\u00f3n, los visitantes y turistas.<\/h4>\n<p>Tambi\u00e9n inaugurar inmuebles de este nivel, dignos del dinamismo y la modernidad que tiene Quintana Roo.<\/p>\n<p>El Canciller Ebrard Casaubon record\u00f3 que las anteriores oficinas eran excluyentes y este gobierno es incluyente.<\/p>\n<p>De este tipo, la SRE tiene 15 oficinas redise\u00f1adas en el pa\u00eds, las que permiten atenci\u00f3n m\u00e1s r\u00e1pida hasta en un 400%.<\/p>\n<p>\u201cEstas oficinas de pasaporte son incluyentes y de las mejores del mundo. Agradezco el respaldo de la Gobernadora, sin su apoyo no ser\u00eda posible\u201d dijo.<\/p>\n<p>Mara Lezama, agradeci\u00f3 a nombre de las y los quintanarroenses el respaldo del Gobierno de M\u00e9xico para lograr contar con \u00e1reas dignas.<\/p>\n<p>El cual\u00a0record\u00f3 que fue una de las primeras gestiones de su gobierno, en el contexto del Nuevo Acuerdo por el Bienestar.<\/p>\n<p>Adem\u00e1s que Desarrollo de Quintana Roo, que contempla renovar tambi\u00e9n la oficina de Chetumal y crear una en Cozumel.<\/p>\n<p>La importancia de estas oficinas, explic\u00f3 la primera mujer gobernadora de Quintana Roo.<\/p>\n<p>Adem\u00e1s que\u00a0es que m\u00e1s quintanarroenses podr\u00e1n tramitar su documento para aprovechar oportunidades.<\/p>\n<p>Adem\u00e1s\u00a0de seguir construyendo lazos comerciales y de amistad con los vecinos de Belice, con los de Centro y Sudam\u00e9rica.<\/p>\n<p>As\u00ed como el Caribe y el resto del mundo.<\/p>\n<p>Como parte de la ceremonia de inauguraci\u00f3n, y para que esta nueva oficina de pasaportes de Relaciones Exteriores preste un servicio m\u00e1s eficiente.<\/p>\n<p>Adem\u00e1s de la gobernadora Mara Lezama y el secretario Marcelo Ebrard firmaron un Convenio de Colaboraci\u00f3n.<\/p>\n<p>As\u00ed como para ampliar el n\u00famero de personas que atender\u00e1n a las y los solicitantes del documento.<\/p>\n<p>&nbsp;<\/p>\n","protected":false},"excerpt":{"rendered":"<p>Despu\u00e9s de 23 a\u00f1os, la gobernadora Mara Lezama y el secretario Marcelo Ebrard modernizan servicio a las y los quintanarroenses, turistas y visitantes A partir de hoy las y los quintanarroenses cuentan con nuevas oficinas para la expedici\u00f3n y renovaci\u00f3n de pasaportes. As\u00ed como el\u00a0resultado de las gestiones y la buena relaci\u00f3n con el Gobierno [&hellip;]<\/p>\n","protected":false},"author":1,"featured_media":13119,"comment_status":"open","ping_status":"closed","sticky":false,"template":"","format":"standard","meta":{"footnotes":""},"categories":[9],"tags":[],"class_list":["post-13117","post","type-post","status-publish","format-standard","has-post-thumbnail","hentry","category-politica"],"_links":{"self":[{"href":"https:\/\/podernacional.com\/index.php?rest_route=\/wp\/v2\/posts\/13117","targetHints":{"allow":["GET"]}}],"collection":[{"href":"https:\/\/podernacional.com\/index.php?rest_route=\/wp\/v2\/posts"}],"about":[{"href":"https:\/\/podernacional.com\/index.php?rest_route=\/wp\/v2\/types\/post"}],"author":[{"embeddable":true,"href":"https:\/\/podernacional.com\/index.php?rest_route=\/wp\/v2\/users\/1"}],"replies":[{"embeddable":true,"href":"https:\/\/podernacional.com\/index.php?rest_route=%2Fwp%2Fv2%2Fcomments&post=13117"}],"version-history":[{"count":1,"href":"https:\/\/podernacional.com\/index.php?rest_route=\/wp\/v2\/posts\/13117\/revisions"}],"predecessor-version":[{"id":13118,"href":"https:\/\/podernacional.com\/index.php?rest_route=\/wp\/v2\/posts\/13117\/revisions\/13118"}],"wp:featuredmedia":[{"embeddable":true,"href":"https:\/\/podernacional.com\/index.php?rest_route=\/wp\/v2\/media\/13119"}],"wp:attachment":[{"href":"https:\/\/podernacional.com\/index.php?rest_route=%2Fwp%2Fv2%2Fmedia&parent=13117"}],"wp:term":[{"taxonomy":"category","embeddable":true,"href":"https:\/\/podernacional.com\/index.php?rest_route=%2Fwp%2Fv2%2Fcategories&post=13117"},{"taxonomy":"post_tag","embeddable":true,"href":"https:\/\/podernacional.com\/index.php?rest_route=%2Fwp%2Fv2%2Ftags&post=13117"}],"curies":[{"name":"wp","href":"https:\/\/api.w.org\/{rel}","templated":true}]}}