{"id":13129,"date":"2023-02-24T18:36:34","date_gmt":"2023-02-24T23:36:34","guid":{"rendered":"https:\/\/podernacional.com\/?p=13129"},"modified":"2023-02-24T23:36:36","modified_gmt":"2023-02-24T23:36:36","slug":"festival-tecate-emblema-2023-artistas-fechas-y-como-comprar-los-boletos","status":"publish","type":"post","link":"https:\/\/podernacional.com\/?p=13129","title":{"rendered":"Festival Tecate Emblema 2023: artistas, fechas y c\u00f3mo comprar los boletos"},"content":{"rendered":"<h4>Ya se anunci\u00f3 la s\u00a0 egunda edici\u00f3n del festival Tecate Emblema, el cual contar\u00e1 con la participaci\u00f3n de figuras internacionales como Robbie Williams.<\/h4>\n<p>Festival Tecate Emblema 2023: Se siguen anunciando cada vez m\u00e1s festivales en M\u00e9xico, y ahora se dieron a conocer las fechas.<\/p>\n<p>Adem\u00e1s de\u00a0los artistas que se presentar\u00e1n en la segunda edici\u00f3n del Tecate Emblema.<\/p>\n<p>El cual se celebrar\u00e1 el pr\u00f3ximo mes de mayo en la capital del pa\u00eds.<\/p>\n<p>Aqu\u00ed te traemos todos los detalles para que asistas y puedas disfrutar del evento.<\/p>\n<p>Por medio de redes sociales, se comparti\u00f3 la noticia, destacando que en esta ocasi\u00f3n contar\u00e1 con una alineaci\u00f3n de lujo.<\/p>\n<p>\u201cAdivinen qui\u00e9n est\u00e1 de regreso \u00a1Mi Tecate Emblema 2023 es una realidad!\u201d.<\/p>\n<p>\u201cEstoy mega feliz por encontrarnos de nuevo este 13 y 14 de Mayo en el festival pop m\u00e1s grande de M\u00e9xicooooo\u201d, indic\u00f3 una publicaci\u00f3n.<\/p>\n<p>El evento se celebrar\u00e1 los d\u00edas s\u00e1bado 13 y domingo 14 de mayo en el Aut\u00f3dromo Hermanos Rodr\u00edguez, de CDMX.<\/p>\n<p>El cual que es uno de los recintos m\u00e1s importantes para este tipo de festivales.<\/p>\n<p>Resalta que se trata del primero de m\u00fasica en la capital del pa\u00eds, lo que lo hace m\u00e1s especial.<\/p>\n<p>\u201cJuntamos todos esos detalles que hacen grande a nuestra ciudad: \u00fanica, cambiante, ecl\u00e9ctica y sobre todo, emblem\u00e1tica\u201d.<\/p>\n<p>\u201cAs\u00ed como estar\u00a0acompa\u00f1ado de grandes sorpresas que preparamos para esta segunda edici\u00f3n con las que definitivamente te asombraremos\u201d, indic\u00f3 un comunicado de prensa.<\/p>\n<h4>\u00bfQu\u00e9 artistas se presentar\u00e1n?<\/h4>\n<p>La alineaci\u00f3n de este a\u00f1o contar\u00e1 con la presencia de Enrique Iglesias y Robbie Williams.<\/p>\n<p>Adem\u00e1s artistas como Alizzz, Bruses, Bresh, Clubz, Donova, Las Villa, Belinda, Pabllo Vittar, Emilia, Lasso, Moenia, The Chainsmokers.<\/p>\n<p>As\u00ed como de: Camilo, Becky G, Black Eyed Peas, Bizarrap, Onerepublic, Niki, Melanie C, The Driver Era, Le\u00f3n Leiden, Michelle Maciel, Sofia Thompson y Zahara.<\/p>\n<h4>\u00bfC\u00f3mo comprar los boletos?<\/h4>\n<p>De acuerdo con la informaci\u00f3n difundida por la productora Ocesa, la preventa de boletos comenzar\u00e1 el pr\u00f3ximo mi\u00e9rcoles 1 de marzo.<\/p>\n<p>Esto\u00a0en punto de 14 horas, contando con facilidades de pago de tres y seis meses sin intereses.<\/p>\n<p>Mientras que la venta para el p\u00fablico en general dar\u00e1 inicio el jueves 2 de marzo.<\/p>\n<p>En cuanto a los precios es algo que todav\u00eda no est\u00e1 confirmado, as\u00ed que s\u00f3lo queda esperar para conocerlos.<\/p>\n","protected":false},"excerpt":{"rendered":"<p>Ya se anunci\u00f3 la s\u00a0 egunda edici\u00f3n del festival Tecate Emblema, el cual contar\u00e1 con la participaci\u00f3n de figuras internacionales como Robbie Williams. Festival Tecate Emblema 2023: Se siguen anunciando cada vez m\u00e1s festivales en M\u00e9xico, y ahora se dieron a conocer las fechas. Adem\u00e1s de\u00a0los artistas que se presentar\u00e1n en la segunda edici\u00f3n del [&hellip;]<\/p>\n","protected":false},"author":1,"featured_media":13131,"comment_status":"open","ping_status":"closed","sticky":false,"template":"","format":"standard","meta":{"footnotes":""},"categories":[7],"tags":[],"class_list":["post-13129","post","type-post","status-publish","format-standard","has-post-thumbnail","hentry","category-nacional"],"_links":{"self":[{"href":"https:\/\/podernacional.com\/index.php?rest_route=\/wp\/v2\/posts\/13129","targetHints":{"allow":["GET"]}}],"collection":[{"href":"https:\/\/podernacional.com\/index.php?rest_route=\/wp\/v2\/posts"}],"about":[{"href":"https:\/\/podernacional.com\/index.php?rest_route=\/wp\/v2\/types\/post"}],"author":[{"embeddable":true,"href":"https:\/\/podernacional.com\/index.php?rest_route=\/wp\/v2\/users\/1"}],"replies":[{"embeddable":true,"href":"https:\/\/podernacional.com\/index.php?rest_route=%2Fwp%2Fv2%2Fcomments&post=13129"}],"version-history":[{"count":1,"href":"https:\/\/podernacional.com\/index.php?rest_route=\/wp\/v2\/posts\/13129\/revisions"}],"predecessor-version":[{"id":13130,"href":"https:\/\/podernacional.com\/index.php?rest_route=\/wp\/v2\/posts\/13129\/revisions\/13130"}],"wp:featuredmedia":[{"embeddable":true,"href":"https:\/\/podernacional.com\/index.php?rest_route=\/wp\/v2\/media\/13131"}],"wp:attachment":[{"href":"https:\/\/podernacional.com\/index.php?rest_route=%2Fwp%2Fv2%2Fmedia&parent=13129"}],"wp:term":[{"taxonomy":"category","embeddable":true,"href":"https:\/\/podernacional.com\/index.php?rest_route=%2Fwp%2Fv2%2Fcategories&post=13129"},{"taxonomy":"post_tag","embeddable":true,"href":"https:\/\/podernacional.com\/index.php?rest_route=%2Fwp%2Fv2%2Ftags&post=13129"}],"curies":[{"name":"wp","href":"https:\/\/api.w.org\/{rel}","templated":true}]}}