{"id":1313,"date":"2020-09-10T15:09:21","date_gmt":"2020-09-10T15:09:21","guid":{"rendered":"http:\/\/whatsappcancun.com\/?p=1313"},"modified":"2020-09-10T15:09:21","modified_gmt":"2020-09-10T15:09:21","slug":"de-horror-encuentra-una-oruga-gigante-en-sus-verduras-congeladas","status":"publish","type":"post","link":"https:\/\/podernacional.com\/?p=1313","title":{"rendered":"\u00a1De horror! Encuentra una oruga gigante en sus verduras congeladas"},"content":{"rendered":"\n<h2 class=\"wp-block-heading\">Usuarios se\u00f1alaron que \u201ces normal\u201d encontrar \u201cbichitos\u201d en la comida, tal como le pas\u00f3 a una joven que denunci\u00f3 que sus verduras congeladas ten\u00edan una oruga<\/h2>\n\n\n\n<p>M\u00e9xico.- A trav\u00e9s de su facebook una joven<strong>&nbsp;realiz\u00f3 una denuncia ciudadan<\/strong>a para alertar a otros sobre&nbsp;<strong>\u201cla sorpresita\u201d, una oruga verde,&nbsp;<\/strong>que se encontr\u00f3 en un empaque de verduras congeladas que hab\u00eda comprado.<\/p>\n\n\n\n<p>De acuerdo a la joven Danielle quien comparti\u00f3 su experiencia en una p\u00e1gina de denuncias en facebok, explic\u00f3 que en&nbsp;<strong>su paquete de verduras congeladas&nbsp;<\/strong>de la marca \u201cNutri bueno\u201d de la empresa mexicana \u201c<strong>La Huerta<\/strong>\u201c, hab\u00eda una&nbsp;<strong>oruga de color verde ya congelada,&nbsp;<\/strong>y su equipo de atenci\u00f3n no le contest\u00f3.<\/p>\n\n\n\n<p><strong><em>\u201cyo me quejo porque los de La Huerta nunca me contestaron porque me sali\u00f3 una \ud83d\udc1b en las verduras \ud83d\ude44 entre a su sitio y no tienen correo de contacto\u201d<\/em><\/strong>, se\u00f1al\u00f3 en su publicaci\u00f3n que comparti\u00f3 con varias im\u00e1genes.<\/p>\n\n\n\n<figure class=\"wp-block-image\"><img decoding=\"async\" src=\"https:\/\/www.meganews.mx\/wp-content\/uploads\/2020\/09\/118702987_10164375783075492_5735968055990350084_n.jpg\" alt=\"\" class=\"wp-image-163389\"\/><\/figure>\n\n\n\n<p>Pero la situaci\u00f3n no qued\u00f3 ah\u00ed, sino que un influencer conocido como \u201c<strong>Lord Banquetas\u201d<\/strong>&nbsp;retom\u00f3 la queja y la comparti\u00f3 en su propio perfil, para tratar de que la queja de la afectada trascienda.<\/p>\n\n\n\n<p>\u201c<em><strong>&nbsp;No manches a mi desde las tortillas y el garraf\u00f3n ya no me ha pasado nada, pero La Huerta en tiempos de Coronavirus tal vez estos sazonadores extra&nbsp;<\/strong><\/em><strong><em>dejenlos afuera de sus empaques, me espero que m\u00ednimo contacten a la afectada\u201d<\/em><\/strong>&nbsp;se\u00f1al\u00f3 y a\u00f1adi\u00f3 que le dar\u00eda seguimiento a la queja hasta que la empresa se contactara con la joven.<\/p>\n\n\n\n<figure class=\"wp-block-image\"><img decoding=\"async\" src=\"https:\/\/www.meganews.mx\/wp-content\/uploads\/2020\/09\/118675816_10164375783390492_379230821229603284_n.jpg\" alt=\"\" class=\"wp-image-163390\"\/><\/figure>\n\n\n\n<h2 class=\"wp-block-heading\">Aseguran que \u201ces normal\u201d<\/h2>\n\n\n\n<p>De manera sorpresiva, muchas personas que comentaron las fotograf\u00edas donde se ve a la oruga congelada, se\u00f1alaron que&nbsp;<strong>\u201ces normal\u201d encontrar este tipo de \u201cbichitos\u201d<\/strong>&nbsp;ya que eso significaba que la marca<strong>&nbsp;no usa qu\u00edmicos o pesticidas en su proceso de elaboraci\u00f3n.<\/strong><\/p>\n\n\n\n<figure class=\"wp-block-image\"><img decoding=\"async\" src=\"https:\/\/www.meganews.mx\/wp-content\/uploads\/2020\/09\/Captura.jpg\" alt=\"\" class=\"wp-image-163391\"\/><\/figure>\n\n\n\n<figure class=\"wp-block-image\"><img decoding=\"async\" src=\"https:\/\/www.meganews.mx\/wp-content\/uploads\/2020\/09\/Captura.JPG2_.jpg\" alt=\"\" class=\"wp-image-163392\"\/><\/figure>\n\n\n\n<figure class=\"wp-block-image\"><img decoding=\"async\" src=\"https:\/\/www.meganews.mx\/wp-content\/uploads\/2020\/09\/Captura.JPG3_.jpg\" alt=\"\" class=\"wp-image-163393\"\/><\/figure>\n\n\n\n<figure class=\"wp-block-image\"><img decoding=\"async\" src=\"https:\/\/www.meganews.mx\/wp-content\/uploads\/2020\/09\/verduras-congeladas2.jpg\" alt=\"\" class=\"wp-image-163394\"\/><\/figure>\n\n\n\n<p>Sin embargo, otros usuarios difirieron de esto \u00faltimo pues a<strong>seguraron que eso pone en duda los procesos de higiene<\/strong>&nbsp;de dicha empresa mexicana.<\/p>\n","protected":false},"excerpt":{"rendered":"<p>Usuarios se\u00f1alaron que \u201ces normal\u201d encontrar \u201cbichitos\u201d en la comida, tal como le pas\u00f3 a una joven que denunci\u00f3 que sus verduras congeladas ten\u00edan una oruga M\u00e9xico.- A trav\u00e9s de su facebook una joven&nbsp;realiz\u00f3 una denuncia ciudadana para alertar a otros sobre&nbsp;\u201cla sorpresita\u201d, una oruga verde,&nbsp;que se encontr\u00f3 en un empaque de verduras congeladas que [&hellip;]<\/p>\n","protected":false},"author":1,"featured_media":1314,"comment_status":"open","ping_status":"open","sticky":false,"template":"","format":"standard","meta":{"footnotes":""},"categories":[12],"tags":[],"class_list":["post-1313","post","type-post","status-publish","format-standard","has-post-thumbnail","hentry","category-sin-categoria"],"_links":{"self":[{"href":"https:\/\/podernacional.com\/index.php?rest_route=\/wp\/v2\/posts\/1313","targetHints":{"allow":["GET"]}}],"collection":[{"href":"https:\/\/podernacional.com\/index.php?rest_route=\/wp\/v2\/posts"}],"about":[{"href":"https:\/\/podernacional.com\/index.php?rest_route=\/wp\/v2\/types\/post"}],"author":[{"embeddable":true,"href":"https:\/\/podernacional.com\/index.php?rest_route=\/wp\/v2\/users\/1"}],"replies":[{"embeddable":true,"href":"https:\/\/podernacional.com\/index.php?rest_route=%2Fwp%2Fv2%2Fcomments&post=1313"}],"version-history":[{"count":0,"href":"https:\/\/podernacional.com\/index.php?rest_route=\/wp\/v2\/posts\/1313\/revisions"}],"wp:featuredmedia":[{"embeddable":true,"href":"https:\/\/podernacional.com\/index.php?rest_route=\/wp\/v2\/media\/1314"}],"wp:attachment":[{"href":"https:\/\/podernacional.com\/index.php?rest_route=%2Fwp%2Fv2%2Fmedia&parent=1313"}],"wp:term":[{"taxonomy":"category","embeddable":true,"href":"https:\/\/podernacional.com\/index.php?rest_route=%2Fwp%2Fv2%2Fcategories&post=1313"},{"taxonomy":"post_tag","embeddable":true,"href":"https:\/\/podernacional.com\/index.php?rest_route=%2Fwp%2Fv2%2Ftags&post=1313"}],"curies":[{"name":"wp","href":"https:\/\/api.w.org\/{rel}","templated":true}]}}