{"id":13132,"date":"2023-02-24T19:01:02","date_gmt":"2023-02-25T00:01:02","guid":{"rendered":"https:\/\/podernacional.com\/?p=13132"},"modified":"2023-02-25T00:01:04","modified_gmt":"2023-02-25T00:01:04","slug":"se-presentaron-tres-programas-de-deportes-ante-autoridades-y-directivos-escolares","status":"publish","type":"post","link":"https:\/\/podernacional.com\/?p=13132","title":{"rendered":"Se presentaron tres programas de Deportes ante autoridades y directivos escolares"},"content":{"rendered":"<h4>El Sal\u00f3n Eloy Camus del Centro C\u00edvico fue sede de la presentaci\u00f3n de las iniciativas.<\/h4>\n<p>Deportes ante autoridades y directivos escolares: Las cuales que tienen como objetivo continuar la vinculaci\u00f3n de actividades entre la secretar\u00eda y el Ministerio de Educaci\u00f3n.<\/p>\n<p>Se presentaron tres programas de Deportes ante autoridades y directivos escolares<\/p>\n<p>Responsables de Sembrando Talentos.<\/p>\n<p>As\u00ed como de\u00a0Juegos Intercolegiales y Recreo Activo realizaron la presentaci\u00f3n de cada uno de los programas ante autoridades de Educaci\u00f3n y directivos de instituciones.<\/p>\n<p>En el encuentro, realizado en el Sal\u00f3n Camus del Centro C\u00edvico estuvieron presentes Cecilia Trincado, ministra de la cartera educativa.<\/p>\n<p>As\u00ed como de\u00a0Jorge Chica, secretario de Estado de Deportes y Fernando Reus, director de Pol\u00edticas Educativas e Inclusivas de la Secretar\u00eda de Deportes.<\/p>\n<p>El objetivo fue mostrar la planificaci\u00f3n de dichos programas ante los directivos.<\/p>\n<p>As\u00ed como de ser\u00a0necesarios para continuar con la vinculaci\u00f3n de actividades entre ambos organismos p\u00fablicos.<\/p>\n<p>La actividad f\u00edsica es un elemento poderoso de transformaci\u00f3n social y de desarrollo tanto de j\u00f3venes como de adolescentes.<\/p>\n<p>Sembrando Talentos, Juegos Intercolegiales y Recreo Activo, pretenden influir en las comunidades educativas.<\/p>\n<h4>As\u00ed como de\u00a0colaborar en la formaci\u00f3n de ciudadanos saludables y responsables.<\/h4>\n<p>Por eso resulta fundamental la fusi\u00f3n entre las entidades mencionadas anteriormente.<\/p>\n<p>Una vez que se conform\u00f3 la mesa de autoridades, el primero en tomar la palabra fue Fernando Reus, director de Pol\u00edticas Educativas e Inclusivas.<\/p>\n<p>\u201cEl v\u00ednculo estrecho entre la Secretar\u00eda de Deportes y el Ministerio de Educaci\u00f3n permite perseguir objetivos concretos en el \u00e1mbito escolar\u201d.<\/p>\n<p>As\u00ed como de claves para la evoluci\u00f3n de los j\u00f3venes dentro de la sociedad.<\/p>\n<p>A trav\u00e9s del deporte se pueden trabajar muchos valores como el compa\u00f1erismo, disciplina, lealtad, solidaridad, entre otros.<\/p>\n<p>Trabajar en la confianza de j\u00f3venes y adolescentes que pertenecen a \u00e1mbitos escolares es importante para que ellos se sientan seguros\u201d.<\/p>\n<p>Luego fue el turno de Jorge Chica, secretario de Estado de Deportes, quien se expres\u00f3 al respecto al decir:<\/p>\n<p>\u201cGracias a cada uno de los que permiti\u00f3 que en estos siete a\u00f1os de gesti\u00f3n se puedan articular actividades\u201d.<\/p>\n<h4>Esto\u00a0entre Secretar\u00eda de Deportes y Ministerio de Educaci\u00f3n.<\/h4>\n<p>El trabajo con los distintos programas de Deportes resulta fundamental para los j\u00f3venes y adultos.<\/p>\n<p>Por esto y muchas cosas m\u00e1s, San Juan es candidata a Capital Americana del Deporte.<\/p>\n<p>La vinculaci\u00f3n y el compromiso de cada directivo son importantes porque se permite trabajar en conjunto con los profesores.<\/p>\n<p>Adem\u00e1s de\u00a0chicos de distintas escuelas y eso posiciona a la provincia de muy buena manera.<\/p>\n<p>Hay chicos con aptitudes f\u00edsicas incre\u00edbles pero tenemos que detectar quienes son y darles las mismas oportunidades que otros.<\/p>\n<p>As\u00ed como, para ello son \u00fatiles estos programas como Sembrando Talentos, Juegos Intercolegiales y Recreo Activo.<\/p>\n<p>\u201cOtro de los objetivos es la formaci\u00f3n de valores en los j\u00f3venes, que nos va a permitir tener una realidad distinta dentro de la sociedad\u201d.<\/p>\n<p>Finalmente, la ministra de Educaci\u00f3n, Cecilia Trincado, se refiri\u00f3 a los proyectos situados que se est\u00e1n elaborando por parte de los directivos.<\/p>\n<h4>As\u00ed como\u00a0para plasmar la realidad de cada instituci\u00f3n.<\/h4>\n<p>Agreg\u00f3 que \u201ctiene que haber una vinculaci\u00f3n integral entre Educaci\u00f3n y Deportes.<\/p>\n<p>As\u00ed como as\u00ed tambi\u00e9n el arte y tecnolog\u00eda que no pueden estar ausentes.<\/p>\n<p>Tienen que generar oportunidades a partir de las necesidades de cada uno.<\/p>\n<p>\u201cAs\u00ed como por eso tanto el ministerio como la secretar\u00eda abren las puertas para buscar igualdad. Es necesaria la incorporaci\u00f3n de valores\u201d.<\/p>\n<p>La opini\u00f3n de dos directivos sobre esta presentaci\u00f3n<\/p>\n<p>Miriam D\u00edaz, directora Escuela Enrique Larreta: \u201cMuy interesante la presentaci\u00f3n, propicia la salud y bienestar de cada alumno.<\/p>\n<p>\u201cLa cual no requiere gastos para la familia y escuela. Es factible e importante para aplicar\u201d<\/p>\n<p>Laura Monfort, vicedirectora Escuela Enrique Larreta: \u201cDesde la escuela participaron todos los a\u00f1os de los Juegos Intercolegiales.<\/p>\n<p>As\u00ed como de\u00a0los chicos se preparan y motivan todos los a\u00f1os. Los chicos se entusiasman porque est\u00e1n en una zona rural.<\/p>\n<p>Adem\u00e1s de que van al centro para participar de estos juegos.<\/p>\n<p>\u201cSembrando Talentos y Recreo Activo inculcar\u00e1n valores y eso es importante para nosotros\u201d.<\/p>\n","protected":false},"excerpt":{"rendered":"<p>El Sal\u00f3n Eloy Camus del Centro C\u00edvico fue sede de la presentaci\u00f3n de las iniciativas. Deportes ante autoridades y directivos escolares: Las cuales que tienen como objetivo continuar la vinculaci\u00f3n de actividades entre la secretar\u00eda y el Ministerio de Educaci\u00f3n. Se presentaron tres programas de Deportes ante autoridades y directivos escolares Responsables de Sembrando Talentos. [&hellip;]<\/p>\n","protected":false},"author":1,"featured_media":13134,"comment_status":"open","ping_status":"closed","sticky":false,"template":"","format":"standard","meta":{"footnotes":""},"categories":[3],"tags":[],"class_list":["post-13132","post","type-post","status-publish","format-standard","has-post-thumbnail","hentry","category-deportes"],"_links":{"self":[{"href":"https:\/\/podernacional.com\/index.php?rest_route=\/wp\/v2\/posts\/13132","targetHints":{"allow":["GET"]}}],"collection":[{"href":"https:\/\/podernacional.com\/index.php?rest_route=\/wp\/v2\/posts"}],"about":[{"href":"https:\/\/podernacional.com\/index.php?rest_route=\/wp\/v2\/types\/post"}],"author":[{"embeddable":true,"href":"https:\/\/podernacional.com\/index.php?rest_route=\/wp\/v2\/users\/1"}],"replies":[{"embeddable":true,"href":"https:\/\/podernacional.com\/index.php?rest_route=%2Fwp%2Fv2%2Fcomments&post=13132"}],"version-history":[{"count":1,"href":"https:\/\/podernacional.com\/index.php?rest_route=\/wp\/v2\/posts\/13132\/revisions"}],"predecessor-version":[{"id":13133,"href":"https:\/\/podernacional.com\/index.php?rest_route=\/wp\/v2\/posts\/13132\/revisions\/13133"}],"wp:featuredmedia":[{"embeddable":true,"href":"https:\/\/podernacional.com\/index.php?rest_route=\/wp\/v2\/media\/13134"}],"wp:attachment":[{"href":"https:\/\/podernacional.com\/index.php?rest_route=%2Fwp%2Fv2%2Fmedia&parent=13132"}],"wp:term":[{"taxonomy":"category","embeddable":true,"href":"https:\/\/podernacional.com\/index.php?rest_route=%2Fwp%2Fv2%2Fcategories&post=13132"},{"taxonomy":"post_tag","embeddable":true,"href":"https:\/\/podernacional.com\/index.php?rest_route=%2Fwp%2Fv2%2Ftags&post=13132"}],"curies":[{"name":"wp","href":"https:\/\/api.w.org\/{rel}","templated":true}]}}