{"id":13156,"date":"2023-02-25T10:15:03","date_gmt":"2023-02-25T15:15:03","guid":{"rendered":"https:\/\/podernacional.com\/?p=13156"},"modified":"2023-02-25T15:15:19","modified_gmt":"2023-02-25T15:15:19","slug":"anuncia-selena-gomez-que-se-alejara-de-las-redes-sociales","status":"publish","type":"post","link":"https:\/\/podernacional.com\/?p=13156","title":{"rendered":"Anuncia Selena Gomez que se alejar\u00e1 de las redes sociales"},"content":{"rendered":"<p>Selena Gomez, una de las famosas con m\u00e1s seguidores en Instagram, dijo que har\u00e1 una pausa en las redes sociales y se alejar\u00e1 por un tiempo de las plataformas.<\/p>\n<p>La actriz caus\u00f3 revuelo entre sus seguidores esta semana despu\u00e9s de dejar un mensaje en TikTok en el que asegura que est\u00e1 \u201cfeliz\u201d consigo misma y que \u201ctomar\u00e1 un segundo de las redes sociales\u201c.<\/p>\n<p>\u201cS\u00ed, voy a tomar un segundo de las redes sociales, porque esto es un poco tonto. Y tengo 30 a\u00f1os, soy demasiado vieja para esto, as\u00ed que\u2026 voy a tomarme un descanso de todo\u201d, ahond\u00f3 la artista nacida en Texas.<\/p>\n<p>Esta no es la primera vez que la estrella latina deja las redes sociales, a principios de este mes la artista le dijo a la revista Vanity Fair que hab\u00eda reducido las aplicaciones de redes sociales en su tel\u00e9fono y s\u00f3lo hab\u00eda dejado a TikTok.<\/p>\n<p>\u201cLa gente puede llamarme fea o est\u00fapida y yo digo: \u2018Da igual\u2019. Pero esta gente se pone detallista\u201d, dijo a la publicaci\u00f3n sobre sus redes.<\/p>\n<p>\u201cEscriben p\u00e1rrafos muy espec\u00edficos y crueles. Yo lloraba constantemente. Ten\u00eda ansiedad constantemente. No pod\u00eda seguir haci\u00e9ndolo. Era una p\u00e9rdida de tiempo\u201d, agreg\u00f3 la hispana que cuenta con casi 400 millones de seguidores en Instagram.<\/p>\n<p>La exestrella infantil de Disney, que conquist\u00f3 a su generaci\u00f3n con \u2018Wizards of Waverly Place0\u2019 y pas\u00f3 sin esc\u00e1ndalos a una carrera musical adulta, explic\u00f3 recientemente en las redes sociales que ha enfrentado problemas con su peso debido a la medicina que toma para controlar el lupus que padece.<\/p>\n<p>Aunque se tome un respiro de las redes, Gomez seguir\u00e1 trabajando. Actualmente protagoniza junto a Steve Martin y Martin Short la exitosa serie \u2018The Only Murders in the Building\u2019, que desarrolla su tercera temporada.<\/p>\n","protected":false},"excerpt":{"rendered":"<p>Selena Gomez, una de las famosas con m\u00e1s seguidores en Instagram, dijo que har\u00e1 una pausa en las redes sociales y se alejar\u00e1 por un tiempo de las plataformas. La actriz caus\u00f3 revuelo entre sus seguidores esta semana despu\u00e9s de dejar un mensaje en TikTok en el que asegura que est\u00e1 \u201cfeliz\u201d consigo misma y [&hellip;]<\/p>\n","protected":false},"author":1,"featured_media":13158,"comment_status":"open","ping_status":"closed","sticky":false,"template":"","format":"standard","meta":{"footnotes":""},"categories":[4],"tags":[],"class_list":["post-13156","post","type-post","status-publish","format-standard","has-post-thumbnail","hentry","category-espectaculos"],"_links":{"self":[{"href":"https:\/\/podernacional.com\/index.php?rest_route=\/wp\/v2\/posts\/13156","targetHints":{"allow":["GET"]}}],"collection":[{"href":"https:\/\/podernacional.com\/index.php?rest_route=\/wp\/v2\/posts"}],"about":[{"href":"https:\/\/podernacional.com\/index.php?rest_route=\/wp\/v2\/types\/post"}],"author":[{"embeddable":true,"href":"https:\/\/podernacional.com\/index.php?rest_route=\/wp\/v2\/users\/1"}],"replies":[{"embeddable":true,"href":"https:\/\/podernacional.com\/index.php?rest_route=%2Fwp%2Fv2%2Fcomments&post=13156"}],"version-history":[{"count":1,"href":"https:\/\/podernacional.com\/index.php?rest_route=\/wp\/v2\/posts\/13156\/revisions"}],"predecessor-version":[{"id":13157,"href":"https:\/\/podernacional.com\/index.php?rest_route=\/wp\/v2\/posts\/13156\/revisions\/13157"}],"wp:featuredmedia":[{"embeddable":true,"href":"https:\/\/podernacional.com\/index.php?rest_route=\/wp\/v2\/media\/13158"}],"wp:attachment":[{"href":"https:\/\/podernacional.com\/index.php?rest_route=%2Fwp%2Fv2%2Fmedia&parent=13156"}],"wp:term":[{"taxonomy":"category","embeddable":true,"href":"https:\/\/podernacional.com\/index.php?rest_route=%2Fwp%2Fv2%2Fcategories&post=13156"},{"taxonomy":"post_tag","embeddable":true,"href":"https:\/\/podernacional.com\/index.php?rest_route=%2Fwp%2Fv2%2Ftags&post=13156"}],"curies":[{"name":"wp","href":"https:\/\/api.w.org\/{rel}","templated":true}]}}