{"id":13231,"date":"2023-02-27T11:44:14","date_gmt":"2023-02-27T16:44:14","guid":{"rendered":"https:\/\/podernacional.com\/?p=13231"},"modified":"2023-02-27T16:44:32","modified_gmt":"2023-02-27T16:44:32","slug":"nuevo-sismo-sacude-turquia","status":"publish","type":"post","link":"https:\/\/podernacional.com\/?p=13231","title":{"rendered":"Nuevo sismo sacude Turqu\u00eda"},"content":{"rendered":"<p>Un sismo de magnitud 5,6 sacudi\u00f3 el sur de Turqu\u00eda el lunes, provocando que una persona muriera y algunas construcciones se vinieran abajo, inform\u00f3 la agencia del pa\u00eds para el manejo de emergencias, tres semanas despu\u00e9s de que un terremoto catastr\u00f3fico devastara la regi\u00f3n.<br \/>\n.Otras 69 personas resultaron heridas a consecuencia del movimiento tel\u00farico, el cual tuvo su epicentro en el poblado de Yesilyurt, en la provincia de Malatya, indic\u00f3 la agencia AFAD.<\/p>\n<p>El alcalde de Yesilyurt, Mehmet Cinar, le dijo a la televisora HaberTurk que un padre y su hija estaban atrapados en un edificio de cuatro pisos que se desplom\u00f3. Ambos hab\u00edan ingresado a la construcci\u00f3n da\u00f1ada para recoger pertenencias.<\/p>\n<p>En otras partes de Malatya, equipos de b\u00fasqueda y rescate revisaban los escombros de otro edificio que se derrumb\u00f3 encima de algunos autom\u00f3viles estacionados, report\u00f3 HaberTurk.<\/p>\n<p>El director de la AFAD exhort\u00f3 a la gente a no ingresar a construcciones da\u00f1adas, ya que las intensas r\u00e9plicas siguen siendo riesgosas. Cerca de 10.000 r\u00e9plicas han sacudido la regi\u00f3n afectada por el terremoto desde el 6 de febrero.<\/p>\n","protected":false},"excerpt":{"rendered":"<p>Un sismo de magnitud 5,6 sacudi\u00f3 el sur de Turqu\u00eda el lunes, provocando que una persona muriera y algunas construcciones se vinieran abajo, inform\u00f3 la agencia del pa\u00eds para el manejo de emergencias, tres semanas despu\u00e9s de que un terremoto catastr\u00f3fico devastara la regi\u00f3n. .Otras 69 personas resultaron heridas a consecuencia del movimiento tel\u00farico, el [&hellip;]<\/p>\n","protected":false},"author":1,"featured_media":13233,"comment_status":"open","ping_status":"closed","sticky":false,"template":"","format":"standard","meta":{"footnotes":""},"categories":[5],"tags":[],"class_list":["post-13231","post","type-post","status-publish","format-standard","has-post-thumbnail","hentry","category-internacional"],"_links":{"self":[{"href":"https:\/\/podernacional.com\/index.php?rest_route=\/wp\/v2\/posts\/13231","targetHints":{"allow":["GET"]}}],"collection":[{"href":"https:\/\/podernacional.com\/index.php?rest_route=\/wp\/v2\/posts"}],"about":[{"href":"https:\/\/podernacional.com\/index.php?rest_route=\/wp\/v2\/types\/post"}],"author":[{"embeddable":true,"href":"https:\/\/podernacional.com\/index.php?rest_route=\/wp\/v2\/users\/1"}],"replies":[{"embeddable":true,"href":"https:\/\/podernacional.com\/index.php?rest_route=%2Fwp%2Fv2%2Fcomments&post=13231"}],"version-history":[{"count":1,"href":"https:\/\/podernacional.com\/index.php?rest_route=\/wp\/v2\/posts\/13231\/revisions"}],"predecessor-version":[{"id":13232,"href":"https:\/\/podernacional.com\/index.php?rest_route=\/wp\/v2\/posts\/13231\/revisions\/13232"}],"wp:featuredmedia":[{"embeddable":true,"href":"https:\/\/podernacional.com\/index.php?rest_route=\/wp\/v2\/media\/13233"}],"wp:attachment":[{"href":"https:\/\/podernacional.com\/index.php?rest_route=%2Fwp%2Fv2%2Fmedia&parent=13231"}],"wp:term":[{"taxonomy":"category","embeddable":true,"href":"https:\/\/podernacional.com\/index.php?rest_route=%2Fwp%2Fv2%2Fcategories&post=13231"},{"taxonomy":"post_tag","embeddable":true,"href":"https:\/\/podernacional.com\/index.php?rest_route=%2Fwp%2Fv2%2Ftags&post=13231"}],"curies":[{"name":"wp","href":"https:\/\/api.w.org\/{rel}","templated":true}]}}