{"id":13244,"date":"2023-02-27T18:27:21","date_gmt":"2023-02-27T23:27:21","guid":{"rendered":"https:\/\/podernacional.com\/?p=13244"},"modified":"2023-02-27T23:27:23","modified_gmt":"2023-02-27T23:27:23","slug":"el-festival-boombastic-amplia-su-aforo-donde-y-cuando-comprar-las-ultimas-entradas-disponibles","status":"publish","type":"post","link":"https:\/\/podernacional.com\/?p=13244","title":{"rendered":"El festival Boombastic ampl\u00eda su aforo: d\u00f3nde y cu\u00e1ndo comprar las \u00faltimas entradas disponibles"},"content":{"rendered":"<h4>El evento prev\u00e9 acoger en La Morgal a un total de 165.000 personas durante tres d\u00edas<\/h4>\n<p>A falta de cinco meses para la celebraci\u00f3n del Festival Boombastic Asturias 2023, las 45.000 entradas que salieron a la venta incialmente ya est\u00e1n agotadas.<\/p>\n<p>Pero quienes no est\u00e1 todo pardido para quienes a\u00fan no tengan su tiquet.<\/p>\n<p>La organizaci\u00f3n del evento ha ampliado el aforo previsto en un primer momento hasta los 55.000 asistentes.<\/p>\n<p>As\u00ed, el evento prev\u00e9 acoger a un total de 165.000 personas durante tres d\u00edas.<\/p>\n<p>Las nuevas entradas para el Boombastic, se celebrar\u00e1 en el recinto de La Morgal, en Llanera los pr\u00f3ximos d\u00edas 20, 21 y 22 de julio.<\/p>\n<p>El cual\u00a0se podr\u00e1n comprar a partir del domingo 5 de marzo a trav\u00e9s de la p\u00e1gina web oficial del festival.<\/p>\n<h4>El festival contar\u00e1 con un gran elenco de artistas entre los que destacan artistas internacionales como:<\/h4>\n<p>Bizarrap, Duki o Mora, a los que tambi\u00e9n se suman artistas nacionales como Natos y Waor o Bad Gyal, entre otros.<\/p>\n<p>Como novedad en esta edici\u00f3n, Boombastic Asturias acoger\u00e1 la fiesta Boom Boom Club, que cada jueves se celebra en Madrid.<\/p>\n<p>Lugar en\u00a0donde se dan cita los mejores artistas nacionales de la m\u00fasica urbana.<\/p>\n<p>Asimismo el dj e influencer gallego Michenlo llevar\u00e1 a Boombastic Asturias su Blue Party, una noche llena de m\u00fasica, espect\u00e1culo.<\/p>\n<p>As\u00ed como de sorpresas que pondr\u00e1 el broche de oro al festival. Adem\u00e1s de m\u00fasica, Boombastic es una experiencia.<\/p>\n<p>Con diferentes zonas de descanso y glamping, una amplia gama de opciones gastron\u00f3micas y muchas m\u00e1s actividades.<\/p>\n<p>Al igual que\u00a0sorpresas que har\u00e1n de Boombastic, el festival de moda de este verano.<\/p>\n<p>Las ubicaciones confirmadas hasta la fecha donde se celebrar\u00e1 el festival en 2023 son Madrid, el 17 de junio.<\/p>\n<p>As\u00ed como de\u00a0Canarias, los d\u00edas 23 y 24 de junio; Costa del Sol el 12 de agosto; y Alicante el 17,<\/p>\n","protected":false},"excerpt":{"rendered":"<p>El evento prev\u00e9 acoger en La Morgal a un total de 165.000 personas durante tres d\u00edas A falta de cinco meses para la celebraci\u00f3n del Festival Boombastic Asturias 2023, las 45.000 entradas que salieron a la venta incialmente ya est\u00e1n agotadas. Pero quienes no est\u00e1 todo pardido para quienes a\u00fan no tengan su tiquet. La [&hellip;]<\/p>\n","protected":false},"author":1,"featured_media":13246,"comment_status":"open","ping_status":"closed","sticky":false,"template":"","format":"standard","meta":{"footnotes":""},"categories":[5],"tags":[],"class_list":["post-13244","post","type-post","status-publish","format-standard","has-post-thumbnail","hentry","category-internacional"],"_links":{"self":[{"href":"https:\/\/podernacional.com\/index.php?rest_route=\/wp\/v2\/posts\/13244","targetHints":{"allow":["GET"]}}],"collection":[{"href":"https:\/\/podernacional.com\/index.php?rest_route=\/wp\/v2\/posts"}],"about":[{"href":"https:\/\/podernacional.com\/index.php?rest_route=\/wp\/v2\/types\/post"}],"author":[{"embeddable":true,"href":"https:\/\/podernacional.com\/index.php?rest_route=\/wp\/v2\/users\/1"}],"replies":[{"embeddable":true,"href":"https:\/\/podernacional.com\/index.php?rest_route=%2Fwp%2Fv2%2Fcomments&post=13244"}],"version-history":[{"count":1,"href":"https:\/\/podernacional.com\/index.php?rest_route=\/wp\/v2\/posts\/13244\/revisions"}],"predecessor-version":[{"id":13245,"href":"https:\/\/podernacional.com\/index.php?rest_route=\/wp\/v2\/posts\/13244\/revisions\/13245"}],"wp:featuredmedia":[{"embeddable":true,"href":"https:\/\/podernacional.com\/index.php?rest_route=\/wp\/v2\/media\/13246"}],"wp:attachment":[{"href":"https:\/\/podernacional.com\/index.php?rest_route=%2Fwp%2Fv2%2Fmedia&parent=13244"}],"wp:term":[{"taxonomy":"category","embeddable":true,"href":"https:\/\/podernacional.com\/index.php?rest_route=%2Fwp%2Fv2%2Fcategories&post=13244"},{"taxonomy":"post_tag","embeddable":true,"href":"https:\/\/podernacional.com\/index.php?rest_route=%2Fwp%2Fv2%2Ftags&post=13244"}],"curies":[{"name":"wp","href":"https:\/\/api.w.org\/{rel}","templated":true}]}}