{"id":13247,"date":"2023-02-27T18:30:00","date_gmt":"2023-02-27T23:30:00","guid":{"rendered":"https:\/\/podernacional.com\/?p=13247"},"modified":"2023-02-27T23:30:03","modified_gmt":"2023-02-27T23:30:03","slug":"leo-messi-conquista-el-the-best-al-mejor-jugador-de-2022","status":"publish","type":"post","link":"https:\/\/podernacional.com\/?p=13247","title":{"rendered":"Leo Messi conquista el &#8216;The Best&#8217; al mejor jugador de 2022"},"content":{"rendered":"<h4>El delantero argentino Leo Messi ha sido reconocido este lunes con el premio &#8216;The Best&#8217; de la FIFA al mejor jugador de 2022.<\/h4>\n<p>Dicho\u00a0trofeo que conquista por segunda vez en su carrera tras hacerlo en 2019 .<\/p>\n<p>El cual que recompensa principalmente su papel en la conquista del Mundial con su selecci\u00f3n en Catar.<\/p>\n<p>El &#8217;10&#8217; era el principal favorito despu\u00e9s de ser clave en la tercera estrella de la &#8216;Albiceleste&#8217;, anotando siete goles.<\/p>\n<p>As\u00ed como de estar\u00a0incluyendo un doblete en la final ante Francia, recibiendo el Bal\u00f3n de Oro al mejor jugador de la Copa del Mundo.<\/p>\n<p>En cambio, a nivel de clubes no brill\u00f3 tanto en su primera temporada con el Paris Saint-Germain franc\u00e9s, con el que gan\u00f3 la Ligue 1.<\/p>\n<p>Al igual que\u00a0pero cay\u00f3 en los octavos de final de la Liga de Campeones ante el Real Madrid.<\/p>\n<p>Messi ha superado al otro te\u00f3rico favorito, el delantero del Real Madrid Karim Benzema.<\/p>\n<p>Adem\u00e1s de\u00a0que gan\u00f3 su quinta Liga de Campeones, marcando 15 goles, y tambi\u00e9n LaLiga Santander, la Supercopa de Espa\u00f1a.<\/p>\n<p>As\u00ed como de\u00a0la Supercopa de Europa, y que es el actual Bal\u00f3n de Oro, premio que logr\u00f3 por primera vez en su carrera.<\/p>\n<p>Adem\u00e1s, en la votaci\u00f3n final estaba el tambi\u00e9n franc\u00e9s Kylian Mbapp\u00e9, que igualmente fue protagonista en Qatar 2022 marcando ocho goles.<\/p>\n<p>Esto luego de\u00a0tres en el partido decisivo, y que logr\u00f3 39 goles y 26 asistencias en 46 partidos con el PSG la temporada pasada.<\/p>\n","protected":false},"excerpt":{"rendered":"<p>El delantero argentino Leo Messi ha sido reconocido este lunes con el premio &#8216;The Best&#8217; de la FIFA al mejor jugador de 2022. Dicho\u00a0trofeo que conquista por segunda vez en su carrera tras hacerlo en 2019 . El cual que recompensa principalmente su papel en la conquista del Mundial con su selecci\u00f3n en Catar. El [&hellip;]<\/p>\n","protected":false},"author":1,"featured_media":13249,"comment_status":"open","ping_status":"closed","sticky":false,"template":"","format":"standard","meta":{"footnotes":""},"categories":[3],"tags":[],"class_list":["post-13247","post","type-post","status-publish","format-standard","has-post-thumbnail","hentry","category-deportes"],"_links":{"self":[{"href":"https:\/\/podernacional.com\/index.php?rest_route=\/wp\/v2\/posts\/13247","targetHints":{"allow":["GET"]}}],"collection":[{"href":"https:\/\/podernacional.com\/index.php?rest_route=\/wp\/v2\/posts"}],"about":[{"href":"https:\/\/podernacional.com\/index.php?rest_route=\/wp\/v2\/types\/post"}],"author":[{"embeddable":true,"href":"https:\/\/podernacional.com\/index.php?rest_route=\/wp\/v2\/users\/1"}],"replies":[{"embeddable":true,"href":"https:\/\/podernacional.com\/index.php?rest_route=%2Fwp%2Fv2%2Fcomments&post=13247"}],"version-history":[{"count":1,"href":"https:\/\/podernacional.com\/index.php?rest_route=\/wp\/v2\/posts\/13247\/revisions"}],"predecessor-version":[{"id":13248,"href":"https:\/\/podernacional.com\/index.php?rest_route=\/wp\/v2\/posts\/13247\/revisions\/13248"}],"wp:featuredmedia":[{"embeddable":true,"href":"https:\/\/podernacional.com\/index.php?rest_route=\/wp\/v2\/media\/13249"}],"wp:attachment":[{"href":"https:\/\/podernacional.com\/index.php?rest_route=%2Fwp%2Fv2%2Fmedia&parent=13247"}],"wp:term":[{"taxonomy":"category","embeddable":true,"href":"https:\/\/podernacional.com\/index.php?rest_route=%2Fwp%2Fv2%2Fcategories&post=13247"},{"taxonomy":"post_tag","embeddable":true,"href":"https:\/\/podernacional.com\/index.php?rest_route=%2Fwp%2Fv2%2Ftags&post=13247"}],"curies":[{"name":"wp","href":"https:\/\/api.w.org\/{rel}","templated":true}]}}