{"id":13250,"date":"2023-02-27T18:33:32","date_gmt":"2023-02-27T23:33:32","guid":{"rendered":"https:\/\/podernacional.com\/?p=13250"},"modified":"2023-02-27T23:33:34","modified_gmt":"2023-02-27T23:33:34","slug":"dia-internacional-del-oso-polar","status":"publish","type":"post","link":"https:\/\/podernacional.com\/?p=13250","title":{"rendered":"D\u00eda Internacional del Oso Polar"},"content":{"rendered":"<h4>El 27 de febrero se celebra el D\u00eda Internacional del Oso Polar, una fecha importante para concienciar sobre los desaf\u00edos que enfrenta esta especie.<\/h4>\n<p>La cual es\u00a0tan poderosa y fr\u00e1gil a la vez, ya que se enfrenta a peligros como la p\u00e9rdida del h\u00e1bitat y la caza ilegal.<\/p>\n<p>El oso polar fue la primera especie animal en estar en peligro de extinci\u00f3n.<\/p>\n<p>Para este a\u00f1o, la campa\u00f1a se centra en proteger a las madres y a los cachorros, d\u00e1ndoles la mayor oportunidad de supervivencia.,<\/p>\n<p>Ya que la \u00e9poca de guarida es el momento m\u00e1s vulnerable en la vida de un oso polar.<\/p>\n<p>Menos de la mitad de todos los cachorros consiguen llegar a la edad adulta<\/p>\n<h4>Origen del D\u00eda Internacional del Oso Polar<\/h4>\n<p>El D\u00eda Internacional del Oso Polar fue proclamado por la organizaci\u00f3n conservacionista Polar Bears International (PBI) en el a\u00f1o 2006.<\/p>\n<p>PBI es una organizaci\u00f3n sin fines de lucro que se dedica a la protecci\u00f3n de los osos polares y su h\u00e1bitat natural.<\/p>\n<p>La elecci\u00f3n del 27 de febrero como fecha para celebrar este d\u00eda se debe a que es el d\u00eda.<\/p>\n<p>Dicho\u00a0en el que los osos polares est\u00e1n en su m\u00e1ximo estado de ayuno en el \u00c1rtico.<\/p>\n<p>Esto\u00a0antes de que comience la temporada de caza de focas.<\/p>\n<p>La idea detr\u00e1s de la elecci\u00f3n de esta fecha es llamar la atenci\u00f3n sobre los desaf\u00edos que enfrentan los osos polares.<\/p>\n<p>Esto\u00a0en su lucha por sobrevivir en un mundo cambiante y hacer una llamada a la acci\u00f3n para proteger a esta especie.<\/p>\n<h4>El rey del \u00c1rtico, amenazado<\/h4>\n<p>El oso polar, tambi\u00e9n conocido como el rey del \u00c1rtico, es un depredador que habita en las regiones m\u00e1s fr\u00edas del planeta.<\/p>\n<p>Su pelaje blanco y grueso le ayuda a mantener el calor en el fr\u00edo extremo.<\/p>\n<p>Esto\u00a0mientras que sus patas anchas y fuertes le permiten caminar sobre la nieve y el hielo con facilidad.<\/p>\n<p>Adem\u00e1s de estar ligeramente palmeadas para remar mientras nadan.<\/p>\n<p>A pesar de ser una de las criaturas m\u00e1s poderosas del planeta, el oso polar se encuentra en una situaci\u00f3n precaria.<\/p>\n<p>Esto\u00a0debido a la p\u00e9rdida de su h\u00e1bitat natural y a la caza excesiva.<\/p>\n<p>El calentamiento global es una de las mayores amenazas para los osos polares.<\/p>\n<p>A medida que la temperatura de la Tierra aumenta, el hielo marino del \u00c1rtico se est\u00e1 derritiendo a un ritmo alarmante.<\/p>\n<p>Esto\u00a0lo que hace que sea m\u00e1s dif\u00edcil para los osos polares encontrar alimento y sacar adelante a sus cr\u00edas.<\/p>\n<p>La falta de hielo tambi\u00e9n significa que los osos polares tienen menos espacio para moverse, lo que aumenta las posibilidades de conflictos con los humanos.<\/p>\n","protected":false},"excerpt":{"rendered":"<p>El 27 de febrero se celebra el D\u00eda Internacional del Oso Polar, una fecha importante para concienciar sobre los desaf\u00edos que enfrenta esta especie. La cual es\u00a0tan poderosa y fr\u00e1gil a la vez, ya que se enfrenta a peligros como la p\u00e9rdida del h\u00e1bitat y la caza ilegal. El oso polar fue la primera especie [&hellip;]<\/p>\n","protected":false},"author":1,"featured_media":13252,"comment_status":"open","ping_status":"closed","sticky":false,"template":"","format":"standard","meta":{"footnotes":""},"categories":[5],"tags":[],"class_list":["post-13250","post","type-post","status-publish","format-standard","has-post-thumbnail","hentry","category-internacional"],"_links":{"self":[{"href":"https:\/\/podernacional.com\/index.php?rest_route=\/wp\/v2\/posts\/13250","targetHints":{"allow":["GET"]}}],"collection":[{"href":"https:\/\/podernacional.com\/index.php?rest_route=\/wp\/v2\/posts"}],"about":[{"href":"https:\/\/podernacional.com\/index.php?rest_route=\/wp\/v2\/types\/post"}],"author":[{"embeddable":true,"href":"https:\/\/podernacional.com\/index.php?rest_route=\/wp\/v2\/users\/1"}],"replies":[{"embeddable":true,"href":"https:\/\/podernacional.com\/index.php?rest_route=%2Fwp%2Fv2%2Fcomments&post=13250"}],"version-history":[{"count":1,"href":"https:\/\/podernacional.com\/index.php?rest_route=\/wp\/v2\/posts\/13250\/revisions"}],"predecessor-version":[{"id":13251,"href":"https:\/\/podernacional.com\/index.php?rest_route=\/wp\/v2\/posts\/13250\/revisions\/13251"}],"wp:featuredmedia":[{"embeddable":true,"href":"https:\/\/podernacional.com\/index.php?rest_route=\/wp\/v2\/media\/13252"}],"wp:attachment":[{"href":"https:\/\/podernacional.com\/index.php?rest_route=%2Fwp%2Fv2%2Fmedia&parent=13250"}],"wp:term":[{"taxonomy":"category","embeddable":true,"href":"https:\/\/podernacional.com\/index.php?rest_route=%2Fwp%2Fv2%2Fcategories&post=13250"},{"taxonomy":"post_tag","embeddable":true,"href":"https:\/\/podernacional.com\/index.php?rest_route=%2Fwp%2Fv2%2Ftags&post=13250"}],"curies":[{"name":"wp","href":"https:\/\/api.w.org\/{rel}","templated":true}]}}