{"id":13256,"date":"2023-02-28T00:34:27","date_gmt":"2023-02-28T05:34:27","guid":{"rendered":"https:\/\/podernacional.com\/?p=13256"},"modified":"2023-02-28T05:34:43","modified_gmt":"2023-02-28T05:34:43","slug":"acusan-a-achraf-hakimi-de-abuso-sexual","status":"publish","type":"post","link":"https:\/\/podernacional.com\/?p=13256","title":{"rendered":"Acusan a Achraf Hakimi de abuso sexual"},"content":{"rendered":"<p>Achraf Hakimi, jugador de PSG fue acusado por violaci\u00f3n seg\u00fan inform\u00f3 Le Parisien. Fue el pasado fin de semana cuando una joven acudi\u00f3 a la comisar\u00eda para declarar que el marroqu\u00ed la hab\u00eda violado.<\/p>\n<p>La joven cont\u00f3 que fue a trav\u00e9s de Instagram donde comenzaron a charlar, (16 de enero), el futbolista la invit\u00f3 a su casa el pasado s\u00e1bado y el mismo Hakimi le pag\u00f3 el Uber.<\/p>\n<p>La mujer indic\u00f3 que la bes\u00f3 en la boca, le levant\u00f3 la ropa y le bes\u00f3 en los senos, a pesar de la negativa, seg\u00fan &#8216;Le Parisien&#8217;. Cuando la joven pudo quitarse al futbolista, llam\u00f3 a un amigo para que la ayudara.<\/p>\n<p>Fue el domingo cuando la chica fue a denunciar la terrible situai\u00f3n que vivi\u00f3 con el seleccionado marroqu\u00ed.<\/p>\n<p>Achraf no estuvo presente en el partido del PSG este fin de semana a causa de una lesi\u00f3n.<\/p>\n","protected":false},"excerpt":{"rendered":"<p>Achraf Hakimi, jugador de PSG fue acusado por violaci\u00f3n seg\u00fan inform\u00f3 Le Parisien. Fue el pasado fin de semana cuando una joven acudi\u00f3 a la comisar\u00eda para declarar que el marroqu\u00ed la hab\u00eda violado. La joven cont\u00f3 que fue a trav\u00e9s de Instagram donde comenzaron a charlar, (16 de enero), el futbolista la invit\u00f3 a [&hellip;]<\/p>\n","protected":false},"author":1,"featured_media":13258,"comment_status":"open","ping_status":"closed","sticky":false,"template":"","format":"standard","meta":{"footnotes":""},"categories":[3],"tags":[],"class_list":["post-13256","post","type-post","status-publish","format-standard","has-post-thumbnail","hentry","category-deportes"],"_links":{"self":[{"href":"https:\/\/podernacional.com\/index.php?rest_route=\/wp\/v2\/posts\/13256","targetHints":{"allow":["GET"]}}],"collection":[{"href":"https:\/\/podernacional.com\/index.php?rest_route=\/wp\/v2\/posts"}],"about":[{"href":"https:\/\/podernacional.com\/index.php?rest_route=\/wp\/v2\/types\/post"}],"author":[{"embeddable":true,"href":"https:\/\/podernacional.com\/index.php?rest_route=\/wp\/v2\/users\/1"}],"replies":[{"embeddable":true,"href":"https:\/\/podernacional.com\/index.php?rest_route=%2Fwp%2Fv2%2Fcomments&post=13256"}],"version-history":[{"count":1,"href":"https:\/\/podernacional.com\/index.php?rest_route=\/wp\/v2\/posts\/13256\/revisions"}],"predecessor-version":[{"id":13257,"href":"https:\/\/podernacional.com\/index.php?rest_route=\/wp\/v2\/posts\/13256\/revisions\/13257"}],"wp:featuredmedia":[{"embeddable":true,"href":"https:\/\/podernacional.com\/index.php?rest_route=\/wp\/v2\/media\/13258"}],"wp:attachment":[{"href":"https:\/\/podernacional.com\/index.php?rest_route=%2Fwp%2Fv2%2Fmedia&parent=13256"}],"wp:term":[{"taxonomy":"category","embeddable":true,"href":"https:\/\/podernacional.com\/index.php?rest_route=%2Fwp%2Fv2%2Fcategories&post=13256"},{"taxonomy":"post_tag","embeddable":true,"href":"https:\/\/podernacional.com\/index.php?rest_route=%2Fwp%2Fv2%2Ftags&post=13256"}],"curies":[{"name":"wp","href":"https:\/\/api.w.org\/{rel}","templated":true}]}}