{"id":13274,"date":"2023-02-28T17:38:12","date_gmt":"2023-02-28T22:38:12","guid":{"rendered":"https:\/\/podernacional.com\/?p=13274"},"modified":"2023-02-28T22:38:13","modified_gmt":"2023-02-28T22:38:13","slug":"se-viene-la-quinta-edicion-de-fem-festival-con-actividades-gratuitas","status":"publish","type":"post","link":"https:\/\/podernacional.com\/?p=13274","title":{"rendered":"Se viene la quinta edici\u00f3n de Fem Festival con actividades gratuitas"},"content":{"rendered":"<h4>El encuentro que busca visibilizar a las mujeres y disidencias en la m\u00fasica y otras disciplinas ser\u00e1 el s\u00e1bado 11 de marzo.<\/h4>\n<p>Se viene la quinta edici\u00f3n de Fem Festival con actividades gratuitasSinf\u00f3nicas har\u00e1 un homenaje especial a mujeres de la m\u00fasica.<\/p>\n<p>Llega un nuevo encuentro del Fem Festival. La quinta edici\u00f3n del festival que busca visibilizar a las mujeres y disidencias en la m\u00fasica.<\/p>\n<p>As\u00ed como de\u00a0otras disciplinas tendr\u00e1 una sola jornada el s\u00e1bado 11 de marzo, en el Museo Nacional del Vino y la Vendimia (Ozamis 914,Maip\u00fa).<\/p>\n<p>Con el fin de llevarlo a otros espacios de la provincia, la quinta edici\u00f3n el Fem Festival se traslada a Maip\u00fa.<\/p>\n<p>Esto\u00a0con una nutrida agenda en la que se destacan conversatorios, talleres, conciertos y feria de emprendedores. Todas las actividades con acceso gratuito.<\/p>\n<p>Cada verano, el encuentro organizado por las m\u00fasicas Gisela Levin y Cecilia Salinas.<\/p>\n<p>El cual\u00a0se posiciona como uno de los espacios con perspectiva para las artistas independientes de la provincia.<\/p>\n<p>As\u00ed como de\u00a0la b\u00fasqueda de aportar a la construcci\u00f3n social y cultural, desde la mirada de la mujer y las disidencias.<\/p>\n<p>A partir de las 18, se desarrollar\u00e1 la grilla de actividades, entre los que se destaca el taller \u00abAporte a la construcci\u00f3n de la identidad esc\u00e9nica\u00bb.<\/p>\n<p>El cual est\u00e1 a cargo de Luciana Scherbovsky y Gabriela Fern\u00e1ndez.<\/p>\n<p>Este encuentro busca analizar diversas herramientas en pos de la construcci\u00f3n de la identidad sobre el escenario.<\/p>\n<p>Contexto, materia e ideas con las que nos encontramos con el p\u00fablico en vivo.<\/p>\n<h4>Anal\u00eda y su proyecto solista.<\/h4>\n<p>La edici\u00f3n contar\u00e1 con la participaci\u00f3n especial de la reconocida vientista, m\u00fasica e investigadora Micaela Chauque.<\/p>\n<p>El cual brindar\u00e1 un taller de Instrumentos de Viento Andinos.<\/p>\n<p>La artista brindar\u00e1 un panorama general observando el contexto cultural y popular del uso de instrumentos de viento tradicionales del Noroeste Argentino.<\/p>\n<p>Se har\u00e1 hincapi\u00e9 en la t\u00e9cnica de ejecuci\u00f3n de quenas y sikus con aportes del repertorio folcl\u00f3rico andino.<\/p>\n<p>Por otro lado, se presentar\u00e1 Virginia Bernad con Circus Magenta.<\/p>\n<p>As\u00ed como de\u00a0Anal\u00eda y su proyecto solista, y Azahar Lu junto a Clonti Benegas en bajo con la intervenci\u00f3n:<\/p>\n<p>\u201cA pelo de la imaginaci\u00f3n &#8211; Invocaci\u00f3n Po\u00e9tica: peque\u00f1a invocaci\u00f3n po\u00e9tica para invitar al riesgo de la creaci\u00f3n\u201d.<\/p>\n","protected":false},"excerpt":{"rendered":"<p>El encuentro que busca visibilizar a las mujeres y disidencias en la m\u00fasica y otras disciplinas ser\u00e1 el s\u00e1bado 11 de marzo. Se viene la quinta edici\u00f3n de Fem Festival con actividades gratuitasSinf\u00f3nicas har\u00e1 un homenaje especial a mujeres de la m\u00fasica. Llega un nuevo encuentro del Fem Festival. La quinta edici\u00f3n del festival que [&hellip;]<\/p>\n","protected":false},"author":1,"featured_media":13276,"comment_status":"open","ping_status":"closed","sticky":false,"template":"","format":"standard","meta":{"footnotes":""},"categories":[2],"tags":[],"class_list":["post-13274","post","type-post","status-publish","format-standard","has-post-thumbnail","hentry","category-cultural"],"_links":{"self":[{"href":"https:\/\/podernacional.com\/index.php?rest_route=\/wp\/v2\/posts\/13274","targetHints":{"allow":["GET"]}}],"collection":[{"href":"https:\/\/podernacional.com\/index.php?rest_route=\/wp\/v2\/posts"}],"about":[{"href":"https:\/\/podernacional.com\/index.php?rest_route=\/wp\/v2\/types\/post"}],"author":[{"embeddable":true,"href":"https:\/\/podernacional.com\/index.php?rest_route=\/wp\/v2\/users\/1"}],"replies":[{"embeddable":true,"href":"https:\/\/podernacional.com\/index.php?rest_route=%2Fwp%2Fv2%2Fcomments&post=13274"}],"version-history":[{"count":1,"href":"https:\/\/podernacional.com\/index.php?rest_route=\/wp\/v2\/posts\/13274\/revisions"}],"predecessor-version":[{"id":13275,"href":"https:\/\/podernacional.com\/index.php?rest_route=\/wp\/v2\/posts\/13274\/revisions\/13275"}],"wp:featuredmedia":[{"embeddable":true,"href":"https:\/\/podernacional.com\/index.php?rest_route=\/wp\/v2\/media\/13276"}],"wp:attachment":[{"href":"https:\/\/podernacional.com\/index.php?rest_route=%2Fwp%2Fv2%2Fmedia&parent=13274"}],"wp:term":[{"taxonomy":"category","embeddable":true,"href":"https:\/\/podernacional.com\/index.php?rest_route=%2Fwp%2Fv2%2Fcategories&post=13274"},{"taxonomy":"post_tag","embeddable":true,"href":"https:\/\/podernacional.com\/index.php?rest_route=%2Fwp%2Fv2%2Ftags&post=13274"}],"curies":[{"name":"wp","href":"https:\/\/api.w.org\/{rel}","templated":true}]}}