{"id":13280,"date":"2023-02-28T17:45:11","date_gmt":"2023-02-28T22:45:11","guid":{"rendered":"https:\/\/podernacional.com\/?p=13280"},"modified":"2023-02-28T22:45:12","modified_gmt":"2023-02-28T22:45:12","slug":"celebrara-egipto-festival-internacional-de-cine-femenino-de-asuan","status":"publish","type":"post","link":"https:\/\/podernacional.com\/?p=13280","title":{"rendered":"Celebrar\u00e1 Egipto Festival Internacional de Cine Femenino de Asu\u00e1n"},"content":{"rendered":"<h4>Por ende en\u00a0m\u00e1s de 60 filmes competir\u00e1n en la VII edici\u00f3n del Festival de Cine Femenino de Asu\u00e1n (Aiwff).<\/h4>\n<p>El cual mencionan que se desarrollar\u00e1 del 5 al 10 de marzo en esa sure\u00f1a ciudad egipcia, anunciaron hoy los organizadores.<\/p>\n<p>Entre las figuras que recibir\u00e1n homenajes en esta cita por sus contribuciones al cine feminista destacan la actriz egipcia Nabila Ebeid.<\/p>\n<p>As\u00ed como\u00a0la comunicadora Dorria Sharaf El-Din, el director neerland\u00e9s Mijke de Jong, la cineasta tunecina Selma Baaccar y la actriz espa\u00f1ola Antonia Escribano.<\/p>\n<p>El evento cuenta con los auspicios de diversas autoridades nacionales y for\u00e1neas, entre ellas los ministerios de Cultura y Turismo de Egipto.<\/p>\n<p>Desde su fundaci\u00f3n en 2017, el Aiwff se convirti\u00f3 en uno de los principales festivales de pel\u00edculas de estreno de este pa\u00eds.<\/p>\n<p>El cual es adem\u00e1s de\u00a0un espacio cultural donde creadores de diferentes naciones renuevan cada a\u00f1o su di\u00e1logo.<\/p>\n<p>Esto sobre el importante papel de las mujeres en la sociedad.<\/p>\n<p>Esta naci\u00f3n norafricana es sede de numerosos eventos cinematogr\u00e1ficos de car\u00e1cter internacional y regional.<\/p>\n<p>Precisamente, el pasado mes se desarroll\u00f3 la XII edici\u00f3n del Festival de Cine Africano de Luxor, con la proyecci\u00f3n de 55 pel\u00edculas de 31 pa\u00edses.<\/p>\n<p>Celebrar\u00e1 Egipto Festival Internacional de Cine Femenino de Asu\u00e1n<\/p>\n<p>&nbsp;<\/p>\n","protected":false},"excerpt":{"rendered":"<p>Por ende en\u00a0m\u00e1s de 60 filmes competir\u00e1n en la VII edici\u00f3n del Festival de Cine Femenino de Asu\u00e1n (Aiwff). El cual mencionan que se desarrollar\u00e1 del 5 al 10 de marzo en esa sure\u00f1a ciudad egipcia, anunciaron hoy los organizadores. Entre las figuras que recibir\u00e1n homenajes en esta cita por sus contribuciones al cine feminista [&hellip;]<\/p>\n","protected":false},"author":1,"featured_media":13282,"comment_status":"open","ping_status":"closed","sticky":false,"template":"","format":"standard","meta":{"footnotes":""},"categories":[5],"tags":[],"class_list":["post-13280","post","type-post","status-publish","format-standard","has-post-thumbnail","hentry","category-internacional"],"_links":{"self":[{"href":"https:\/\/podernacional.com\/index.php?rest_route=\/wp\/v2\/posts\/13280","targetHints":{"allow":["GET"]}}],"collection":[{"href":"https:\/\/podernacional.com\/index.php?rest_route=\/wp\/v2\/posts"}],"about":[{"href":"https:\/\/podernacional.com\/index.php?rest_route=\/wp\/v2\/types\/post"}],"author":[{"embeddable":true,"href":"https:\/\/podernacional.com\/index.php?rest_route=\/wp\/v2\/users\/1"}],"replies":[{"embeddable":true,"href":"https:\/\/podernacional.com\/index.php?rest_route=%2Fwp%2Fv2%2Fcomments&post=13280"}],"version-history":[{"count":1,"href":"https:\/\/podernacional.com\/index.php?rest_route=\/wp\/v2\/posts\/13280\/revisions"}],"predecessor-version":[{"id":13281,"href":"https:\/\/podernacional.com\/index.php?rest_route=\/wp\/v2\/posts\/13280\/revisions\/13281"}],"wp:featuredmedia":[{"embeddable":true,"href":"https:\/\/podernacional.com\/index.php?rest_route=\/wp\/v2\/media\/13282"}],"wp:attachment":[{"href":"https:\/\/podernacional.com\/index.php?rest_route=%2Fwp%2Fv2%2Fmedia&parent=13280"}],"wp:term":[{"taxonomy":"category","embeddable":true,"href":"https:\/\/podernacional.com\/index.php?rest_route=%2Fwp%2Fv2%2Fcategories&post=13280"},{"taxonomy":"post_tag","embeddable":true,"href":"https:\/\/podernacional.com\/index.php?rest_route=%2Fwp%2Fv2%2Ftags&post=13280"}],"curies":[{"name":"wp","href":"https:\/\/api.w.org\/{rel}","templated":true}]}}