{"id":13307,"date":"2023-03-01T12:36:23","date_gmt":"2023-03-01T17:36:23","guid":{"rendered":"https:\/\/podernacional.com\/?p=13307"},"modified":"2023-03-01T17:36:42","modified_gmt":"2023-03-01T17:36:42","slug":"tania-rincon-anuncia-separacion-del-padre-de-sus-hijos-siempre-nos-tendremos-el-uno-al-otro","status":"publish","type":"post","link":"https:\/\/podernacional.com\/?p=13307","title":{"rendered":"Tania Rinc\u00f3n anuncia separaci\u00f3n del padre de sus hijos: \u201cSiempre nos tendremos el uno al otro\u201d"},"content":{"rendered":"<p>Tania Rinc\u00f3n, a trav\u00e9s de sus redes sociales, anunci\u00f3 la separaci\u00f3n del padre de sus hijos, Daniel P\u00e9rez, mensaje corto y contundente que r\u00e1pidamente le dio vuelta a la web.<\/p>\n<p>\u201cSiempre nuestras redes han sido nuestro aliado para platicarles noticias o lo que ocurre en nuestro d\u00eda a d\u00eda. Hoy queremos compartirles Dani y yo que desde el pasado mes de enero decidimos separarnos y poner fin a nuestra relaci\u00f3n como pareja. Esta decisi\u00f3n la tomamos desde nuestro profundo amor y entendiendo que siempre nos tendremos el uno al otro. Tenemos y seguiremos formando una hermosa familia. Agradecemos el cari\u00f1o y apoyo de nuestra familia y amigos en este momento de transici\u00f3n\u201d, se lee en Tania Rinc\u00f3n.<\/p>\n<p>La exconductora de FOX Sports M\u00e9xico dio por finalizada una relaci\u00f3n de poco m\u00e1s de 16 a\u00f1os (siendo 11 de casados), con quien procre\u00f3 dos peque\u00f1os: \u201cEsta decisi\u00f3n ha sido dura, complicada, pero todo lo que hemos hecho desde hace m\u00e1s de 16 a\u00f1os siempre ha sido cobijada con mucho amor, con mucho respeto y justo con eso nos vamos a quedar\u201d.<\/p>\n<p>Tania Rinc\u00f3n desarroll\u00f3 su carrera como conductora y presentadora deportiva, dando el salto al matutino de TV Azteca Venga la Alegr\u00eda, donde comenz\u00f3 el crecimiento de su carrera a nivel nacional; adem\u00e1s, comparti\u00f3 eventos deportivos en la misma empresa de televisi\u00f3n.<\/p>\n<p>Despu\u00e9s, dedic\u00f3 parte a su vida personal y, a la postre, fue contratada por el programa estelar de las ma\u00f1anas en Televisa: Hoy, donde tambi\u00e9n se posicion\u00f3 como una de las favoritas del p\u00fablico por su versatilidad para la conducci\u00f3n y profesionalismo.<\/p>\n<p>Adem\u00e1s, Tania Rinc\u00f3n tiene colaboraciones en distintos podcast o programas de radio.<\/p>\n<p>&nbsp;<\/p>\n","protected":false},"excerpt":{"rendered":"<p>Tania Rinc\u00f3n, a trav\u00e9s de sus redes sociales, anunci\u00f3 la separaci\u00f3n del padre de sus hijos, Daniel P\u00e9rez, mensaje corto y contundente que r\u00e1pidamente le dio vuelta a la web. \u201cSiempre nuestras redes han sido nuestro aliado para platicarles noticias o lo que ocurre en nuestro d\u00eda a d\u00eda. Hoy queremos compartirles Dani y yo [&hellip;]<\/p>\n","protected":false},"author":1,"featured_media":13309,"comment_status":"open","ping_status":"closed","sticky":false,"template":"","format":"standard","meta":{"footnotes":""},"categories":[4],"tags":[],"class_list":["post-13307","post","type-post","status-publish","format-standard","has-post-thumbnail","hentry","category-espectaculos"],"_links":{"self":[{"href":"https:\/\/podernacional.com\/index.php?rest_route=\/wp\/v2\/posts\/13307","targetHints":{"allow":["GET"]}}],"collection":[{"href":"https:\/\/podernacional.com\/index.php?rest_route=\/wp\/v2\/posts"}],"about":[{"href":"https:\/\/podernacional.com\/index.php?rest_route=\/wp\/v2\/types\/post"}],"author":[{"embeddable":true,"href":"https:\/\/podernacional.com\/index.php?rest_route=\/wp\/v2\/users\/1"}],"replies":[{"embeddable":true,"href":"https:\/\/podernacional.com\/index.php?rest_route=%2Fwp%2Fv2%2Fcomments&post=13307"}],"version-history":[{"count":1,"href":"https:\/\/podernacional.com\/index.php?rest_route=\/wp\/v2\/posts\/13307\/revisions"}],"predecessor-version":[{"id":13308,"href":"https:\/\/podernacional.com\/index.php?rest_route=\/wp\/v2\/posts\/13307\/revisions\/13308"}],"wp:featuredmedia":[{"embeddable":true,"href":"https:\/\/podernacional.com\/index.php?rest_route=\/wp\/v2\/media\/13309"}],"wp:attachment":[{"href":"https:\/\/podernacional.com\/index.php?rest_route=%2Fwp%2Fv2%2Fmedia&parent=13307"}],"wp:term":[{"taxonomy":"category","embeddable":true,"href":"https:\/\/podernacional.com\/index.php?rest_route=%2Fwp%2Fv2%2Fcategories&post=13307"},{"taxonomy":"post_tag","embeddable":true,"href":"https:\/\/podernacional.com\/index.php?rest_route=%2Fwp%2Fv2%2Ftags&post=13307"}],"curies":[{"name":"wp","href":"https:\/\/api.w.org\/{rel}","templated":true}]}}