{"id":1331,"date":"2020-09-11T19:46:03","date_gmt":"2020-09-11T19:46:03","guid":{"rendered":"http:\/\/whatsappcancun.com\/?p=1331"},"modified":"2020-09-11T19:46:03","modified_gmt":"2020-09-11T19:46:03","slug":"conmemora-nueva-york-aniversario-del-atentado-del-11-s","status":"publish","type":"post","link":"https:\/\/podernacional.com\/?p=1331","title":{"rendered":"Conmemora Nueva York aniversario del atentado del 11-S"},"content":{"rendered":"\n<p>Conmemora&nbsp;<strong>Nueva York<\/strong>&nbsp;aniversario del&nbsp;<strong>11-S<\/strong>, uno de los&nbsp;<strong>atentados<\/strong>&nbsp;m\u00e1s sangrientos de la historia, con varios minutos de silencio a la hora en que los&nbsp;<strong>aviones<\/strong>&nbsp;secuestrados por&nbsp;<strong>yihadistas<\/strong>&nbsp;se estrellaron contra las&nbsp;<strong>Torres Gemelas<\/strong>&nbsp;y las derribaron.<\/p>\n\n\n\n<p>Diecinueve a\u00f1os despu\u00e9s, el&nbsp;<strong>11 de septiembre<\/strong>&nbsp;sigue siendo sin\u00f3nimo del hero\u00edsmo de los&nbsp;<strong>neoyorquinos<\/strong>&nbsp;frente a la adversidad.<\/p>\n\n\n\n<p>Las autoridades aseguran que fue debido a esta resiliencia que la ciudad logr\u00f3 hace m\u00e1s de un mes controlar el coronavirus y reducir la tasa de infecci\u00f3n de coronavirus a menos de 1%.<\/p>\n\n\n\n<p>El&nbsp;<strong>presidente<\/strong>&nbsp;de Estados Unidos,&nbsp;<strong>Donald Trump<\/strong>, y la primera dama,&nbsp;<strong>Melania Trump<\/strong>, mostraron sus respetos durante la ceremonia en Stoystown, Pensilvania, en el Monumento Nacional del Vuelo 93, para recordar a las v\u00edctimas mortales por el ataque del 11 de septiembre de 2001.<\/p>\n\n\n\n<blockquote class=\"wp-block-quote is-layout-flow wp-block-quote-is-layout-flow\"><p>\u201cLos h\u00e9roes del vuelo 93 tuvieron el gesto m\u00e1s noble, ya que actuaron en conjunto y en un acto heroico salvaron a nuestra capital\u201d, dijo el mandatario.<\/p><\/blockquote>\n\n\n\n<p>En aquella fecha, 19 secuestradores yihadistas se apoderaron de cuatro aviones comerciales e hicieron estrellar dos contra las Torres Gemelas en Nueva York (vuelos AA11 y UA175), uno contra el&nbsp;<strong>Pent\u00e1gono<\/strong>&nbsp;(AA77) y uno en el campo en&nbsp;<strong>Pennsylvania<\/strong>&nbsp;(UA93, que ten\u00eda por objetivo el&nbsp;<strong>Capitolio<\/strong>).<\/p>\n\n\n\n<h2 class=\"wp-block-heading\">Conmemora Nueva York aniversario del 11-S. El pa\u00eds se unific\u00f3 tras la tragedia: Trump<\/h2>\n\n\n\n<p>El presidente dijo que tras los imborrables actos de&nbsp;<strong>terrorismo<\/strong>, los&nbsp;<strong>estadounidenses<\/strong>&nbsp;se hicieron m\u00e1s unidos y fuertes.<\/p>\n\n\n\n<blockquote class=\"wp-block-quote is-layout-flow wp-block-quote-is-layout-flow\"><p>\u201cDespu\u00e9s del 11 de septiembre, el pa\u00eds se unific\u00f3 tras la tragedia y las personas encontraron un valor agregado a la amistad\u201d, coment\u00f3.<\/p><\/blockquote>\n\n\n\n<p>En la ceremonia de este viernes se ley\u00f3 el nombre de cada una de las v\u00edctimas en Pennsylvania, seguido de dos toques de campana.<\/p>\n\n\n\n<p>Asimismo, se rindi\u00f3 homenaje a los&nbsp;<strong>soldados<\/strong>&nbsp;que han servido a su pa\u00eds en estas dos d\u00e9cadas posteriores, en las que Estados Unidos ha librado dos grandes guerras, en Afganist\u00e1n e Irak, con m\u00e1s de 7 mil bajas entre las tropas.<\/p>\n","protected":false},"excerpt":{"rendered":"<p>Conmemora&nbsp;Nueva York&nbsp;aniversario del&nbsp;11-S, uno de los&nbsp;atentados&nbsp;m\u00e1s sangrientos de la historia, con varios minutos de silencio a la hora en que los&nbsp;aviones&nbsp;secuestrados por&nbsp;yihadistas&nbsp;se estrellaron contra las&nbsp;Torres Gemelas&nbsp;y las derribaron. Diecinueve a\u00f1os despu\u00e9s, el&nbsp;11 de septiembre&nbsp;sigue siendo sin\u00f3nimo del hero\u00edsmo de los&nbsp;neoyorquinos&nbsp;frente a la adversidad. Las autoridades aseguran que fue debido a esta resiliencia que la ciudad [&hellip;]<\/p>\n","protected":false},"author":1,"featured_media":1332,"comment_status":"open","ping_status":"open","sticky":false,"template":"","format":"standard","meta":{"footnotes":""},"categories":[5],"tags":[],"class_list":["post-1331","post","type-post","status-publish","format-standard","has-post-thumbnail","hentry","category-internacional"],"_links":{"self":[{"href":"https:\/\/podernacional.com\/index.php?rest_route=\/wp\/v2\/posts\/1331","targetHints":{"allow":["GET"]}}],"collection":[{"href":"https:\/\/podernacional.com\/index.php?rest_route=\/wp\/v2\/posts"}],"about":[{"href":"https:\/\/podernacional.com\/index.php?rest_route=\/wp\/v2\/types\/post"}],"author":[{"embeddable":true,"href":"https:\/\/podernacional.com\/index.php?rest_route=\/wp\/v2\/users\/1"}],"replies":[{"embeddable":true,"href":"https:\/\/podernacional.com\/index.php?rest_route=%2Fwp%2Fv2%2Fcomments&post=1331"}],"version-history":[{"count":0,"href":"https:\/\/podernacional.com\/index.php?rest_route=\/wp\/v2\/posts\/1331\/revisions"}],"wp:featuredmedia":[{"embeddable":true,"href":"https:\/\/podernacional.com\/index.php?rest_route=\/wp\/v2\/media\/1332"}],"wp:attachment":[{"href":"https:\/\/podernacional.com\/index.php?rest_route=%2Fwp%2Fv2%2Fmedia&parent=1331"}],"wp:term":[{"taxonomy":"category","embeddable":true,"href":"https:\/\/podernacional.com\/index.php?rest_route=%2Fwp%2Fv2%2Fcategories&post=1331"},{"taxonomy":"post_tag","embeddable":true,"href":"https:\/\/podernacional.com\/index.php?rest_route=%2Fwp%2Fv2%2Ftags&post=1331"}],"curies":[{"name":"wp","href":"https:\/\/api.w.org\/{rel}","templated":true}]}}