{"id":13313,"date":"2023-03-01T16:19:01","date_gmt":"2023-03-01T21:19:01","guid":{"rendered":"https:\/\/podernacional.com\/?p=13313"},"modified":"2023-03-01T21:19:03","modified_gmt":"2023-03-01T21:19:03","slug":"lollapalooza-2023-se-confirmo-el-reemplazo-de-blink-182-en-el-festival-como-queda-el-line-up","status":"publish","type":"post","link":"https:\/\/podernacional.com\/?p=13313","title":{"rendered":"Lollapalooza 2023: se confirm\u00f3 el reemplazo de Blink-182 en el festival, \u00bfc\u00f3mo queda el line up?"},"content":{"rendered":"<h4>Tras la lesi\u00f3n del baterista de Blink-182, los organizadores del festival confirmaron que habr\u00e1 cambios en el line up. \u00bfQui\u00e9n los reemplaza?<\/h4>\n<p>Lollapalooza Argentina 2023: \u00bfQu\u00e9 artistas est\u00e1n confirmados?<\/p>\n<p>A pocos d\u00edas del Lollapalooza Argentina 2023, los organizadores del festival confirmaron que habr\u00e1 cambios en el line up.<\/p>\n<p>Esto\u00a0luego de que Travis Baker, baterista de Blink-182, sufriera una lesi\u00f3n en su dedo anular izquierdo.<\/p>\n<p>De esta manera, el d\u00fao conformado por Tyler Joseph y Josh Dun reemplazar\u00e1 a Blink-182.<\/p>\n<p>Adem\u00e1s de que\u00a0se presentar\u00e1 el s\u00e1bado 18 de marzo, en el Hip\u00f3dromo de San Isidro.<\/p>\n<p>\u00abEstamos muy contentos de anunciar que Twenty \u00d8ne Pil\u00f8ts se presentar\u00e1n en Lollapalooza Argentina\u00bb.<\/p>\n<p>As\u00ed lo\u00a0escribieron desde la cuenta del festival en Twitter.<\/p>\n<p>\u00a1TWENTY \u00d8NE PIL\u00d8TS en #LollaAR 2023!<\/p>\n<p>Estamos muy contentos de anunciar que Twenty \u00d8ne Pil\u00f8ts se presentar\u00e1n en Lollapalooza Argentina<\/p>\n<p>El d\u00fao conformado por Tyler Joseph y Josh Dun vuelve a #LollaAR el s\u00e1bado 18<\/p>\n<p>\u00bfEST\u00c1S LISTO PARA VOLVER A VERLOS? pic.twitter.com\/gL0goHbl45<\/p>\n<p>\u2014 Lollapalooza AR (@lollapaloozaar) March 1, 2023<\/p>\n<h4>Revelaron qu\u00e9 era la bola de metal que apareci\u00f3 en una playa de Jap\u00f3n<\/h4>\n<p>LOLLAPALOOZA ARGENTINA 2023: \u00bfPOR QU\u00c9 BLINK-182 SE BAJ\u00d3 DEL LINE-UP?<\/p>\n<p>Blink-182 cancel\u00f3 todos sus shows en Sudam\u00e9rica y M\u00e9xico por problemas de salud de uno de sus integrantes.<\/p>\n<p>La decisi\u00f3n se tom\u00f3 despu\u00e9s de que el baterista Travis Baker fuera operado este martes 28 de febrero por una fractura en su anular izquierdo.<\/p>\n<p>\u00abNos alegra anunciar que la banda ha confirmado que regresar\u00e1 y se presentar\u00e1 en la pr\u00f3xima edici\u00f3n de Lollapalooza Argentina 2024\u00bb.<\/p>\n<p>Esta informaci\u00f3n lo\u00a0confirm\u00f3 la organizaci\u00f3n del festival.<\/p>\n","protected":false},"excerpt":{"rendered":"<p>Tras la lesi\u00f3n del baterista de Blink-182, los organizadores del festival confirmaron que habr\u00e1 cambios en el line up. \u00bfQui\u00e9n los reemplaza? Lollapalooza Argentina 2023: \u00bfQu\u00e9 artistas est\u00e1n confirmados? A pocos d\u00edas del Lollapalooza Argentina 2023, los organizadores del festival confirmaron que habr\u00e1 cambios en el line up. Esto\u00a0luego de que Travis Baker, baterista de [&hellip;]<\/p>\n","protected":false},"author":1,"featured_media":13315,"comment_status":"open","ping_status":"closed","sticky":false,"template":"","format":"standard","meta":{"footnotes":""},"categories":[2],"tags":[],"class_list":["post-13313","post","type-post","status-publish","format-standard","has-post-thumbnail","hentry","category-cultural"],"_links":{"self":[{"href":"https:\/\/podernacional.com\/index.php?rest_route=\/wp\/v2\/posts\/13313","targetHints":{"allow":["GET"]}}],"collection":[{"href":"https:\/\/podernacional.com\/index.php?rest_route=\/wp\/v2\/posts"}],"about":[{"href":"https:\/\/podernacional.com\/index.php?rest_route=\/wp\/v2\/types\/post"}],"author":[{"embeddable":true,"href":"https:\/\/podernacional.com\/index.php?rest_route=\/wp\/v2\/users\/1"}],"replies":[{"embeddable":true,"href":"https:\/\/podernacional.com\/index.php?rest_route=%2Fwp%2Fv2%2Fcomments&post=13313"}],"version-history":[{"count":1,"href":"https:\/\/podernacional.com\/index.php?rest_route=\/wp\/v2\/posts\/13313\/revisions"}],"predecessor-version":[{"id":13314,"href":"https:\/\/podernacional.com\/index.php?rest_route=\/wp\/v2\/posts\/13313\/revisions\/13314"}],"wp:featuredmedia":[{"embeddable":true,"href":"https:\/\/podernacional.com\/index.php?rest_route=\/wp\/v2\/media\/13315"}],"wp:attachment":[{"href":"https:\/\/podernacional.com\/index.php?rest_route=%2Fwp%2Fv2%2Fmedia&parent=13313"}],"wp:term":[{"taxonomy":"category","embeddable":true,"href":"https:\/\/podernacional.com\/index.php?rest_route=%2Fwp%2Fv2%2Fcategories&post=13313"},{"taxonomy":"post_tag","embeddable":true,"href":"https:\/\/podernacional.com\/index.php?rest_route=%2Fwp%2Fv2%2Ftags&post=13313"}],"curies":[{"name":"wp","href":"https:\/\/api.w.org\/{rel}","templated":true}]}}