{"id":13316,"date":"2023-03-01T16:22:08","date_gmt":"2023-03-01T21:22:08","guid":{"rendered":"https:\/\/podernacional.com\/?p=13316"},"modified":"2023-03-01T21:22:10","modified_gmt":"2023-03-01T21:22:10","slug":"el-festival-de-cine-la-inesperada-exhibe-18-filmes-practicamente-ineditos-en-espana","status":"publish","type":"post","link":"https:\/\/podernacional.com\/?p=13316","title":{"rendered":"El festival de cine La Inesperada exhibe 18 filmes pr\u00e1cticamente in\u00e9ditos en Espa\u00f1a"},"content":{"rendered":"<h4>El festival de cine La Inesperada inaugura este 1 de marzo y hasta el d\u00eda 5 su tercera edici\u00f3n en la Filmoteca de Catalunya.<\/h4>\n<p>Esto\u00a0con una doble sesi\u00f3n de estreno en Catalunya, el cortometraje island\u00e9s Nest dirigido por Hlynur P\u00e1lmason.<\/p>\n<p>Adem\u00e1s del largometraje tailand\u00e9s Scala dirigido por Ananta Thitanat.<\/p>\n<p>Este a\u00f1o, el certamen dirigido y programado por la cineasta N\u00faria Gim\u00e9nez Lorang y el programador y gestor cultural Miquel Mart\u00ed Freixas.<\/p>\n<p>El cual destaca la visita de la artista y cineasta iran\u00ed Maryam Tafakory y del cineasta Carlos Pardo Ros.<\/p>\n<p>As\u00ed como la presencia de pel\u00edculas de pa\u00edses con cinematograf\u00edas ins\u00f3litas en Espa\u00f1a.<\/p>\n<p>Es el caso de Nous, etudi\u00e1nts!, un retrato juvenil pasmoso de la Rep\u00fablica Centroafricana; Scala, el relato de la desaparici\u00f3n de un majestuoso cine en Bangkok o Vaychiletik.<\/p>\n<p>As\u00ed como de una\u00a0cr\u00f3nica familiar de un m\u00fasico con encargos divinos en territorio maya tzotzil, en Chiapas.<\/p>\n<h4>Entre otras propuestas, el festival mostrar\u00e1 la recuperaci\u00f3n de pel\u00edculas de la cineasta japonesa Haneda Sumiko, nacida en 1926.<\/h4>\n<p>La cual es una\u00a0mujer pionera del cine asi\u00e1tico, acompa\u00f1ando la sesi\u00f3n con una exposici\u00f3n de los investigadores responsables de su redescubrimiento.<\/p>\n<p>La Inesperada est\u00e1 focalizado en la no ficci\u00f3n y entiende las pr\u00e1cticas de no ficci\u00f3n como un territorio libre y amplio.<\/p>\n<p>As\u00ed como estar ofreciendo un abanico formal donde tienen cabida desde el cine hasta las artes visuales.<\/p>\n<p>Reivindica la experiencia cinematogr\u00e1fica frente a internet y se celebra presencialmente en la Filmoteca de Catalunya y en el Cine Zumzeig.<\/p>\n<p>Frente a la avalancha de contenidos audiovisuales presentes, La Inesperada propone un festival abarcable, conciso.<\/p>\n<p>Lugar en\u00a0donde todas las sesiones son programadas cuidadosamente.<\/p>\n<p>De esta manera, este a\u00f1o propone 7 sesiones compuestas por un total de 18 pel\u00edculas. M\u00e1s all\u00e1 de su programa, presenta tambi\u00e9n la actividad EXIT.<\/p>\n<p>Esto en un espacio de debate para proyectos de producci\u00f3n catalana en proceso de desarrollo.<\/p>\n","protected":false},"excerpt":{"rendered":"<p>El festival de cine La Inesperada inaugura este 1 de marzo y hasta el d\u00eda 5 su tercera edici\u00f3n en la Filmoteca de Catalunya. Esto\u00a0con una doble sesi\u00f3n de estreno en Catalunya, el cortometraje island\u00e9s Nest dirigido por Hlynur P\u00e1lmason. Adem\u00e1s del largometraje tailand\u00e9s Scala dirigido por Ananta Thitanat. Este a\u00f1o, el certamen dirigido y [&hellip;]<\/p>\n","protected":false},"author":1,"featured_media":13318,"comment_status":"open","ping_status":"closed","sticky":false,"template":"","format":"standard","meta":{"footnotes":""},"categories":[4],"tags":[],"class_list":["post-13316","post","type-post","status-publish","format-standard","has-post-thumbnail","hentry","category-espectaculos"],"_links":{"self":[{"href":"https:\/\/podernacional.com\/index.php?rest_route=\/wp\/v2\/posts\/13316","targetHints":{"allow":["GET"]}}],"collection":[{"href":"https:\/\/podernacional.com\/index.php?rest_route=\/wp\/v2\/posts"}],"about":[{"href":"https:\/\/podernacional.com\/index.php?rest_route=\/wp\/v2\/types\/post"}],"author":[{"embeddable":true,"href":"https:\/\/podernacional.com\/index.php?rest_route=\/wp\/v2\/users\/1"}],"replies":[{"embeddable":true,"href":"https:\/\/podernacional.com\/index.php?rest_route=%2Fwp%2Fv2%2Fcomments&post=13316"}],"version-history":[{"count":1,"href":"https:\/\/podernacional.com\/index.php?rest_route=\/wp\/v2\/posts\/13316\/revisions"}],"predecessor-version":[{"id":13317,"href":"https:\/\/podernacional.com\/index.php?rest_route=\/wp\/v2\/posts\/13316\/revisions\/13317"}],"wp:featuredmedia":[{"embeddable":true,"href":"https:\/\/podernacional.com\/index.php?rest_route=\/wp\/v2\/media\/13318"}],"wp:attachment":[{"href":"https:\/\/podernacional.com\/index.php?rest_route=%2Fwp%2Fv2%2Fmedia&parent=13316"}],"wp:term":[{"taxonomy":"category","embeddable":true,"href":"https:\/\/podernacional.com\/index.php?rest_route=%2Fwp%2Fv2%2Fcategories&post=13316"},{"taxonomy":"post_tag","embeddable":true,"href":"https:\/\/podernacional.com\/index.php?rest_route=%2Fwp%2Fv2%2Ftags&post=13316"}],"curies":[{"name":"wp","href":"https:\/\/api.w.org\/{rel}","templated":true}]}}