{"id":13328,"date":"2023-03-01T16:38:55","date_gmt":"2023-03-01T21:38:55","guid":{"rendered":"https:\/\/podernacional.com\/?p=13328"},"modified":"2023-03-01T21:38:57","modified_gmt":"2023-03-01T21:38:57","slug":"tecnologia-y-colaboracion-humana-para-crear-capacidades-exponenciales","status":"publish","type":"post","link":"https:\/\/podernacional.com\/?p=13328","title":{"rendered":"Tecnolog\u00eda y colaboraci\u00f3n humana para crear capacidades exponenciales"},"content":{"rendered":"<h4>La mirada de los analistas del mercado y de las empresas pioneras en innovaci\u00f3n est\u00e1 yendo hacia el concepto de Augmented Human.<\/h4>\n<p>Podr\u00edamos pensar un escenario donde la tecnolog\u00eda aporte celeridad, agilidad, informaci\u00f3n y las personas aportemos la creatividad.<\/p>\n<p>As\u00ed como de\u00a0las habilidades blandas que en la actualidad se reconocen como clave en todos los ambientes de trabajo, sugiere Federico Kina. (iStock)<\/p>\n<p>Cada vez que la tecnolog\u00eda avanza y, sobre todo, cuando hablamos de inteligencia artificial.<\/p>\n<p>El cual\u00a0surge un temor que siempre est\u00e1 latente: el de la tecnolog\u00eda reemplazando a los humanos.<\/p>\n<p>\u00bfChatGPT reemplazar\u00e1 a los redactores? \u00bfMidjourney har\u00e1 el trabajo de los directores de arte?<\/p>\n<p>Si nos remontamos a la historia no es tan extra\u00f1o el surgimiento de este miedo.<\/p>\n<p>De hecho, todos estudiamos la revoluci\u00f3n industrial y vimos c\u00f3mo las m\u00e1quinas reemplazaron puestos de trabajo en pos de la celeridad.<\/p>\n<p>As\u00ed como de\u00a0la productividad de aquella \u00e9poca.<\/p>\n<p>Pero la integraci\u00f3n entre la tecnolog\u00eda, el trabajo y las personas que existe hoy es muy distinta.<\/p>\n<h4>As\u00ed amenaza la Inteligencia Artificial a ejecutivos y publicistas<\/h4>\n<p>La mirada de los analistas del mercado y de las empresas pioneras en innovaci\u00f3n est\u00e1 yendo hacia el concepto de Augmented Human.<\/p>\n<p>Se basa en la incorporaci\u00f3n de tecnolog\u00edas que les permitan a las personas ser m\u00e1s productivas, desarrollar nuevas habilidades.<\/p>\n<p>As\u00ed como de\u00a0crear capacidades exponenciales. En una primera instancia, tecnolog\u00edas como machine learning.<\/p>\n<p>Aquellas que permiten crear espacios de trabajo hiperconectados y fluidos pueden contribuir a reducir tareas repetitivas.<\/p>\n<p>El cual est\u00e1\u00a0liberando tiempo a las personas para enfocarse en lo que realmente deben hacer, ahorrar tiempo en la b\u00fasqueda.<\/p>\n<p>Adem\u00e1s de dar\u00a0acceso a la informaci\u00f3n necesaria para trabajar y acelerar el an\u00e1lisis de datos, entre otros.<\/p>\n<p>Pero en un segundo paso, Augmented Human va m\u00e1s all\u00e1.<\/p>\n<p>As\u00ed como que\u00a0esto incluye desde wearables con tecnolog\u00edas inmersivas como realidad aumentada y realidad virtual, hasta la de chips, biometr\u00eda y m\u00e1s.<\/p>\n<p>En cuanto al potencial de esta tendencia, Gartner considera que este a\u00f1o el 30% de las compa\u00f1\u00edas reemplazar\u00e1 el concepto de:<\/p>\n<p>\u201cTraiga su propio dispositivo\u201d (BYOD) por \u201cTraiga su propia Mejora\u201d (BYOE) e impulsar\u00e1 a que las personas incluyan en sus \u00e1mbitos de trabajo.<\/p>\n<h4>As\u00ed como tecnolog\u00edas que ya los potencian en su vida no laboral (Gartner, Top 10 Strategic Predictions for 2020 and Beyond).<\/h4>\n<p>IDC , por su parte, proyecta que para 2025 el mercado europeo de Augmented Human alcanzar\u00e1 una inversi\u00f3n de 100,000 millones.<\/p>\n<p>(IDC, European Companies Will Spend 100 Billion Dollars in Human Augmentation).<\/p>\n<p>Los publicistas sabemos que la IA no es inteligencia<\/p>\n<p>En Latinoam\u00e9rica, IDC prev\u00e9 para este a\u00f1o un crecimiento del 32% en la inversi\u00f3n en tecnolog\u00edas como inteligencia artificial.<\/p>\n<p>Adem\u00e1s de aprendizaje autom\u00e1tico, automatizaci\u00f3n y rob\u00f3tica.<\/p>\n<p>Podr\u00edamos pensar que, si bien Augmented Human es algo a\u00fan latente.<\/p>\n<p>El cual vamos por ese camino (IDC, El gasto en TI en Am\u00e9rica Latina superar\u00e1 el crecimiento del PIB en 2023).<\/p>\n","protected":false},"excerpt":{"rendered":"<p>La mirada de los analistas del mercado y de las empresas pioneras en innovaci\u00f3n est\u00e1 yendo hacia el concepto de Augmented Human. Podr\u00edamos pensar un escenario donde la tecnolog\u00eda aporte celeridad, agilidad, informaci\u00f3n y las personas aportemos la creatividad. As\u00ed como de\u00a0las habilidades blandas que en la actualidad se reconocen como clave en todos los [&hellip;]<\/p>\n","protected":false},"author":1,"featured_media":13330,"comment_status":"open","ping_status":"closed","sticky":false,"template":"","format":"standard","meta":{"footnotes":""},"categories":[13],"tags":[],"class_list":["post-13328","post","type-post","status-publish","format-standard","has-post-thumbnail","hentry","category-tecnologia"],"_links":{"self":[{"href":"https:\/\/podernacional.com\/index.php?rest_route=\/wp\/v2\/posts\/13328","targetHints":{"allow":["GET"]}}],"collection":[{"href":"https:\/\/podernacional.com\/index.php?rest_route=\/wp\/v2\/posts"}],"about":[{"href":"https:\/\/podernacional.com\/index.php?rest_route=\/wp\/v2\/types\/post"}],"author":[{"embeddable":true,"href":"https:\/\/podernacional.com\/index.php?rest_route=\/wp\/v2\/users\/1"}],"replies":[{"embeddable":true,"href":"https:\/\/podernacional.com\/index.php?rest_route=%2Fwp%2Fv2%2Fcomments&post=13328"}],"version-history":[{"count":1,"href":"https:\/\/podernacional.com\/index.php?rest_route=\/wp\/v2\/posts\/13328\/revisions"}],"predecessor-version":[{"id":13329,"href":"https:\/\/podernacional.com\/index.php?rest_route=\/wp\/v2\/posts\/13328\/revisions\/13329"}],"wp:featuredmedia":[{"embeddable":true,"href":"https:\/\/podernacional.com\/index.php?rest_route=\/wp\/v2\/media\/13330"}],"wp:attachment":[{"href":"https:\/\/podernacional.com\/index.php?rest_route=%2Fwp%2Fv2%2Fmedia&parent=13328"}],"wp:term":[{"taxonomy":"category","embeddable":true,"href":"https:\/\/podernacional.com\/index.php?rest_route=%2Fwp%2Fv2%2Fcategories&post=13328"},{"taxonomy":"post_tag","embeddable":true,"href":"https:\/\/podernacional.com\/index.php?rest_route=%2Fwp%2Fv2%2Ftags&post=13328"}],"curies":[{"name":"wp","href":"https:\/\/api.w.org\/{rel}","templated":true}]}}