{"id":1334,"date":"2020-09-11T19:49:51","date_gmt":"2020-09-11T19:49:51","guid":{"rendered":"http:\/\/whatsappcancun.com\/?p=1334"},"modified":"2020-09-11T19:49:51","modified_gmt":"2020-09-11T19:49:51","slug":"se-viraliza-nina-que-defiende-el-uso-de-cubrebocas","status":"publish","type":"post","link":"https:\/\/podernacional.com\/?p=1334","title":{"rendered":"Se viraliza ni\u00f1a que defiende el uso de cubrebocas"},"content":{"rendered":"\n<p>Se viraliza&nbsp;<strong>ni\u00f1a<\/strong>&nbsp;que&nbsp;<strong>defiende<\/strong>&nbsp;el uso de&nbsp;<strong>cubrebocas<\/strong>. La menor, originaria de<strong>&nbsp;Valencia<\/strong>, Espa\u00f1a, asegur\u00f3 que el objeto es molesto pero es mejor usarlo que morirse.<\/p>\n\n\n\n<p>Usuarios en&nbsp;<strong>redes sociales<\/strong>&nbsp;aplaudieron el valiente y sincero mensaje y r\u00e1pidamente compartieron el&nbsp;<strong>v\u00eddeo<\/strong>, para motivar a m\u00e1s personas a utilizar cubrebocas y proteger su salud y evitar contagios.<\/p>\n\n\n\n<p>La curiosa respuesta ocurri\u00f3 durante una entrevista para el canal auton\u00f3mico&nbsp;\u00c0 Punt, durante el regreso a clases.<\/p>\n\n\n\n<blockquote class=\"wp-block-quote is-layout-flow wp-block-quote-is-layout-flow\"><p>\u201cEs un poquito peor porque no puedes respirar del todo. Pero no pasa nada, es mejor eso que morirse\u201d, asegur\u00f3 la menor.<\/p><\/blockquote>\n\n\n\n<p>El v\u00eddeo ya tiene m\u00e1s de&nbsp;4 millones de reproducciones.<\/p>\n\n\n\n<p>Aqu\u00ed te dejamos el v\u00eddeo en el momento que entrevisan a la ni\u00f1a:<\/p>\n\n\n\n<figure class=\"wp-block-embed-twitter wp-block-embed is-type-rich is-provider-twitter\"><div class=\"wp-block-embed__wrapper\">\n<blockquote class=\"twitter-tweet\" data-width=\"550\" data-dnt=\"true\"><p lang=\"es\" dir=\"ltr\">Que tenga que venir un ni\u00f1o a decir lo que es obvio  <a href=\"https:\/\/t.co\/YE1tHp3vSK\">https:\/\/t.co\/YE1tHp3vSK<\/a><\/p>&mdash; Benito Olmo (@BenitoOlmo) <a href=\"https:\/\/twitter.com\/BenitoOlmo\/status\/1303176190006628352?ref_src=twsrc%5Etfw\">September 8, 2020<\/a><\/blockquote><script async src=\"https:\/\/platform.twitter.com\/widgets.js\" charset=\"utf-8\"><\/script>\n<\/div><\/figure>\n\n\n\n<h2 class=\"wp-block-heading\">Se viraliza ni\u00f1a que defiende el uso de cubrebocas; todos conocen a alguien que se niega a usarlo<\/h2>\n\n\n\n<p>A estas alturas, parecer\u00eda sorprendente que alguien negara la existencia del&nbsp;<strong>Covid-19<\/strong>&nbsp;o se negara a utilizar cubrebocas, habiendo visto las graves consecuencias que la&nbsp;<strong>pandemia<\/strong>&nbsp;ha dejado en el mundo.<\/p>\n\n\n\n<p>Sin embargo, no siguen faltando casos de gente que hace el rid\u00edculo en redes sociales como Mois\u00e9s Uriel Su\u00e1rez, originario de Tabasco, que se volvi\u00f3 viral pero por la raz\u00f3n contraria: negarse a utilizar la mascarilla bajo el pretexto de que el virus es un invento del Gobierno.<\/p>\n\n\n\n<p>El hombre fue detenido y cuestionado por elementos de seguridad en un centro comercial de&nbsp;<strong>Villahermosa<\/strong>, a donde quiso ingresar sin la medida de seguridad.<\/p>\n\n\n\n<p>El hombre argument\u00f3 que \u00e9l decide sobre su cuerpo, y que por eso est\u00e1 en su derecho de negarse a usar el objeto, por ello, fue bautizado como&nbsp;<strong>#LordEsMiCuerpo<\/strong>.<\/p>\n","protected":false},"excerpt":{"rendered":"<p>Se viraliza&nbsp;ni\u00f1a&nbsp;que&nbsp;defiende&nbsp;el uso de&nbsp;cubrebocas. La menor, originaria de&nbsp;Valencia, Espa\u00f1a, asegur\u00f3 que el objeto es molesto pero es mejor usarlo que morirse. Usuarios en&nbsp;redes sociales&nbsp;aplaudieron el valiente y sincero mensaje y r\u00e1pidamente compartieron el&nbsp;v\u00eddeo, para motivar a m\u00e1s personas a utilizar cubrebocas y proteger su salud y evitar contagios. La curiosa respuesta ocurri\u00f3 durante una entrevista [&hellip;]<\/p>\n","protected":false},"author":1,"featured_media":1335,"comment_status":"open","ping_status":"open","sticky":false,"template":"","format":"standard","meta":{"footnotes":""},"categories":[12],"tags":[],"class_list":["post-1334","post","type-post","status-publish","format-standard","has-post-thumbnail","hentry","category-sin-categoria"],"_links":{"self":[{"href":"https:\/\/podernacional.com\/index.php?rest_route=\/wp\/v2\/posts\/1334","targetHints":{"allow":["GET"]}}],"collection":[{"href":"https:\/\/podernacional.com\/index.php?rest_route=\/wp\/v2\/posts"}],"about":[{"href":"https:\/\/podernacional.com\/index.php?rest_route=\/wp\/v2\/types\/post"}],"author":[{"embeddable":true,"href":"https:\/\/podernacional.com\/index.php?rest_route=\/wp\/v2\/users\/1"}],"replies":[{"embeddable":true,"href":"https:\/\/podernacional.com\/index.php?rest_route=%2Fwp%2Fv2%2Fcomments&post=1334"}],"version-history":[{"count":0,"href":"https:\/\/podernacional.com\/index.php?rest_route=\/wp\/v2\/posts\/1334\/revisions"}],"wp:featuredmedia":[{"embeddable":true,"href":"https:\/\/podernacional.com\/index.php?rest_route=\/wp\/v2\/media\/1335"}],"wp:attachment":[{"href":"https:\/\/podernacional.com\/index.php?rest_route=%2Fwp%2Fv2%2Fmedia&parent=1334"}],"wp:term":[{"taxonomy":"category","embeddable":true,"href":"https:\/\/podernacional.com\/index.php?rest_route=%2Fwp%2Fv2%2Fcategories&post=1334"},{"taxonomy":"post_tag","embeddable":true,"href":"https:\/\/podernacional.com\/index.php?rest_route=%2Fwp%2Fv2%2Ftags&post=1334"}],"curies":[{"name":"wp","href":"https:\/\/api.w.org\/{rel}","templated":true}]}}