{"id":13340,"date":"2023-03-02T11:23:43","date_gmt":"2023-03-02T16:23:43","guid":{"rendered":"https:\/\/podernacional.com\/?p=13340"},"modified":"2023-03-02T16:24:03","modified_gmt":"2023-03-02T16:24:03","slug":"sismo-de-5-8-sacude-oaxaca","status":"publish","type":"post","link":"https:\/\/podernacional.com\/?p=13340","title":{"rendered":"Sismo de 5.8 sacude Oaxaca"},"content":{"rendered":"<p>La noche de este mi\u00e9rcoles se registr\u00f3 un sismo de magnitud 5.8 con epicentro en Uni\u00f3n Hidalgo, Oaxaca.<\/p>\n<p>En un principio el Servicio Sismol\u00f3gico Nacional hab\u00eda informado que la magnitud preliminar era de 6.2, minutos m\u00e1s tarde ajust\u00f3 la cifra.<\/p>\n<p>Debido al sismo de magnitud 5.8 algunos hospitales y hoteles de Oaxaca realizaron evacuaciones. El epicentro ocurri\u00f3 a 49 kil\u00f3metros al sureste de Uni\u00f3n Hidalgo.<\/p>\n<p>Hasta el momento autoridades estatales no han emitido informaci\u00f3n sobre da\u00f1os o v\u00edctimas.<\/p>\n<p>El sismo tambi\u00e9n fue percibido por la poblaci\u00f3n de los estados de Puebla, Veracruz y Chiapas.<\/p>\n<p>Tras la experiencia del sismo de 2017, algunos habitantes salieron de sus domicilios a las calles como medida de prevenci\u00f3n tras el temblor y por seguridad, decidieron pasar la noche fuera de sus viviendas.<\/p>\n<p>Adem\u00e1s, la Coordinaci\u00f3n Nacional de Protecci\u00f3n Civil indic\u00f3 que mantiene contacto con sus unidades estatales y municipales, as\u00ed como con los integrantes del comit\u00e9 nacional de emergencias.<\/p>\n<p>Sismo se Percibe en Zonas de la CDMX<br \/>\nLa Secretar\u00eda de Gesti\u00f3n Integral de Riesgos y Protecci\u00f3n Civil de la Ciudad de M\u00e9xico inform\u00f3 que aunque hubo reportes de que en algunas alcald\u00edas se percibi\u00f3, no amerit\u00f3 la activaci\u00f3n de la Alerta S\u00edsmica.<\/p>\n<p>La Comisi\u00f3n Federal de Electricidad inform\u00f3 que derivado del sismo registrado, se inicia protocolo para revisar posibles afectaciones a las instalaciones el\u00e9ctricas en Oaxaca.<\/p>\n<p>Asimismo la Secretar\u00eda de Seguridad y Protecci\u00f3n Ciudadana de Oaxaca activ\u00f3 los protocolos para revisar posibles afectaciones.<\/p>\n","protected":false},"excerpt":{"rendered":"<p>La noche de este mi\u00e9rcoles se registr\u00f3 un sismo de magnitud 5.8 con epicentro en Uni\u00f3n Hidalgo, Oaxaca. En un principio el Servicio Sismol\u00f3gico Nacional hab\u00eda informado que la magnitud preliminar era de 6.2, minutos m\u00e1s tarde ajust\u00f3 la cifra. Debido al sismo de magnitud 5.8 algunos hospitales y hoteles de Oaxaca realizaron evacuaciones. El [&hellip;]<\/p>\n","protected":false},"author":1,"featured_media":13342,"comment_status":"open","ping_status":"closed","sticky":false,"template":"","format":"standard","meta":{"footnotes":""},"categories":[7],"tags":[],"class_list":["post-13340","post","type-post","status-publish","format-standard","has-post-thumbnail","hentry","category-nacional"],"_links":{"self":[{"href":"https:\/\/podernacional.com\/index.php?rest_route=\/wp\/v2\/posts\/13340","targetHints":{"allow":["GET"]}}],"collection":[{"href":"https:\/\/podernacional.com\/index.php?rest_route=\/wp\/v2\/posts"}],"about":[{"href":"https:\/\/podernacional.com\/index.php?rest_route=\/wp\/v2\/types\/post"}],"author":[{"embeddable":true,"href":"https:\/\/podernacional.com\/index.php?rest_route=\/wp\/v2\/users\/1"}],"replies":[{"embeddable":true,"href":"https:\/\/podernacional.com\/index.php?rest_route=%2Fwp%2Fv2%2Fcomments&post=13340"}],"version-history":[{"count":1,"href":"https:\/\/podernacional.com\/index.php?rest_route=\/wp\/v2\/posts\/13340\/revisions"}],"predecessor-version":[{"id":13341,"href":"https:\/\/podernacional.com\/index.php?rest_route=\/wp\/v2\/posts\/13340\/revisions\/13341"}],"wp:featuredmedia":[{"embeddable":true,"href":"https:\/\/podernacional.com\/index.php?rest_route=\/wp\/v2\/media\/13342"}],"wp:attachment":[{"href":"https:\/\/podernacional.com\/index.php?rest_route=%2Fwp%2Fv2%2Fmedia&parent=13340"}],"wp:term":[{"taxonomy":"category","embeddable":true,"href":"https:\/\/podernacional.com\/index.php?rest_route=%2Fwp%2Fv2%2Fcategories&post=13340"},{"taxonomy":"post_tag","embeddable":true,"href":"https:\/\/podernacional.com\/index.php?rest_route=%2Fwp%2Fv2%2Ftags&post=13340"}],"curies":[{"name":"wp","href":"https:\/\/api.w.org\/{rel}","templated":true}]}}