{"id":13346,"date":"2023-03-02T16:49:21","date_gmt":"2023-03-02T21:49:21","guid":{"rendered":"https:\/\/podernacional.com\/?p=13346"},"modified":"2023-03-02T21:49:22","modified_gmt":"2023-03-02T21:49:22","slug":"malaga-tierra-de-picasso-acoge-festival-de-cine","status":"publish","type":"post","link":"https:\/\/podernacional.com\/?p=13346","title":{"rendered":"M\u00e1laga, tierra de Picasso, acoge Festival de Cine"},"content":{"rendered":"<h4>Con esto\u00a0el 26 Festival Internacional de Cine de M\u00e1laga incluir\u00e1 en concurso a 12 pel\u00edculas espa\u00f1olas y ocho latinoamericanas.<\/h4>\n<p>Un anuncio de hoy, confirmando el rango de la cita malague\u00f1a, cuyos premios son las Biznagas (de distinto color, seg\u00fan el lauro).<\/p>\n<p>Adem\u00e1s de\u00a0que alude al tradicional ramillete de jazmines t\u00edpico de la hermosa ciudad andaluza.<\/p>\n<p>Alguien que cuide de m\u00ed, de Elvira Lindo y Daniela Fejerman inaugurar\u00e1 el Festival el 10 de marzo y Como Dios manda, de Paz Jim\u00e9nez.<\/p>\n<p>El cual\u00a0cerrar\u00e1 el evento el 19 del mes en curso. Ambas cintas espa\u00f1olas se exhibir\u00e1n fuera de concurso.<\/p>\n<p>Entre los largometrajes latinoamericanos en competici\u00f3n destacan Empieza el baile, de la argentina Marina Seresesky, y El castigo, del chileno Mat\u00edas Bize.<\/p>\n<p>Espa\u00f1a tendr\u00e1 entre otras a 20.000 especies de abejas, de Est\u00edbaliz Urresola, Bajo terapia, de Gerardo Herrero, Una vida no tan simple, de F\u00e9lix Viscarret.<\/p>\n<p>El Teatro Cervantes de M\u00e1laga ser\u00e1 el escenario principal de la cita que acoger\u00e1 m\u00e1s de 200 audiovisuales entre todas sus secciones.<\/p>\n<p>Adem\u00e1s de\u00a0(largometrajes de ficci\u00f3n, documentales, cortometrajes, series de TV) y una gran variedad de contenidos y actividades paralelas para todos los p\u00fablicos.<\/p>\n<p>Juan Antonio Vigar, director del festival de M\u00e1laga, resalt\u00f3 que el proceso de selecci\u00f3n de audiovisuales.<\/p>\n<h4>El cual\u00a0responde al modelo por el que apuesta el evento:<\/h4>\n<p>\u201cNuestra singularidad es la generalidad. Y en ella han de caber todo tipo de miradas, sensibilidades y narrativas\u201d.<\/p>\n<p>Otras cintas latinoamericanas escogidas son Rebeli\u00f3n, de Jos\u00e9 Luis Rugeles (Colombia y Argentina); Saudade fez morada aqu\u00ed dentro.<\/p>\n<p>As\u00ed como\u00a0de Haroldo Borges (Brasil); Zapatos rojos, de Carlos Eichelmann (M\u00e9xico e Italia); y Despert\u00e9 con un sue\u00f1o, de Pablo Solarz (Uruguay y Argentina).<\/p>\n<p>Tambi\u00e9n Las hijas, de Katia G. Zu\u00f1iga (Panam\u00e1 y Chile) y La pecera, de Glorimar Marrero (Puerto Rico y Espa\u00f1a).<\/p>\n<p>El jurado de la Secci\u00f3n Oficial estar\u00e1 formado el cineasta Manuel Guti\u00e9rrez Arag\u00f3n (presidente); el comunicador Gonzalo Mir\u00f3.<\/p>\n<p>As\u00ed como de\u00a0la actriz argentina Julieta Zylberberg; la directora del Festival de Cine de Santiago de Chile (Sanfic), Gabriela Sandoval.<\/p>\n<p>As\u00ed como\u00a0el realizador de cine uruguayo Pablo Stoll.<\/p>\n","protected":false},"excerpt":{"rendered":"<p>Con esto\u00a0el 26 Festival Internacional de Cine de M\u00e1laga incluir\u00e1 en concurso a 12 pel\u00edculas espa\u00f1olas y ocho latinoamericanas. Un anuncio de hoy, confirmando el rango de la cita malague\u00f1a, cuyos premios son las Biznagas (de distinto color, seg\u00fan el lauro). Adem\u00e1s de\u00a0que alude al tradicional ramillete de jazmines t\u00edpico de la hermosa ciudad andaluza. [&hellip;]<\/p>\n","protected":false},"author":1,"featured_media":13348,"comment_status":"open","ping_status":"closed","sticky":false,"template":"","format":"standard","meta":{"footnotes":""},"categories":[2],"tags":[],"class_list":["post-13346","post","type-post","status-publish","format-standard","has-post-thumbnail","hentry","category-cultural"],"_links":{"self":[{"href":"https:\/\/podernacional.com\/index.php?rest_route=\/wp\/v2\/posts\/13346","targetHints":{"allow":["GET"]}}],"collection":[{"href":"https:\/\/podernacional.com\/index.php?rest_route=\/wp\/v2\/posts"}],"about":[{"href":"https:\/\/podernacional.com\/index.php?rest_route=\/wp\/v2\/types\/post"}],"author":[{"embeddable":true,"href":"https:\/\/podernacional.com\/index.php?rest_route=\/wp\/v2\/users\/1"}],"replies":[{"embeddable":true,"href":"https:\/\/podernacional.com\/index.php?rest_route=%2Fwp%2Fv2%2Fcomments&post=13346"}],"version-history":[{"count":1,"href":"https:\/\/podernacional.com\/index.php?rest_route=\/wp\/v2\/posts\/13346\/revisions"}],"predecessor-version":[{"id":13347,"href":"https:\/\/podernacional.com\/index.php?rest_route=\/wp\/v2\/posts\/13346\/revisions\/13347"}],"wp:featuredmedia":[{"embeddable":true,"href":"https:\/\/podernacional.com\/index.php?rest_route=\/wp\/v2\/media\/13348"}],"wp:attachment":[{"href":"https:\/\/podernacional.com\/index.php?rest_route=%2Fwp%2Fv2%2Fmedia&parent=13346"}],"wp:term":[{"taxonomy":"category","embeddable":true,"href":"https:\/\/podernacional.com\/index.php?rest_route=%2Fwp%2Fv2%2Fcategories&post=13346"},{"taxonomy":"post_tag","embeddable":true,"href":"https:\/\/podernacional.com\/index.php?rest_route=%2Fwp%2Fv2%2Ftags&post=13346"}],"curies":[{"name":"wp","href":"https:\/\/api.w.org\/{rel}","templated":true}]}}