{"id":13349,"date":"2023-03-02T16:52:11","date_gmt":"2023-03-02T21:52:11","guid":{"rendered":"https:\/\/podernacional.com\/?p=13349"},"modified":"2023-03-02T21:52:12","modified_gmt":"2023-03-02T21:52:12","slug":"el-festival-de-cine-de-miami-cumple-40-anos-con-una-edicion-reforzada","status":"publish","type":"post","link":"https:\/\/podernacional.com\/?p=13349","title":{"rendered":"El Festival de cine de Miami cumple 40 a\u00f1os con una edici\u00f3n \u201creforzada\u201d"},"content":{"rendered":"<h4>Afianzado como una importante vitrina para la cinematograf\u00eda del mundo y especialmente de Am\u00e9rica Latina.<\/h4>\n<p>Por ende\u00a0el Festival de Cine de Miami (MFF) cumple 40 a\u00f1os y lo celebra con una edici\u00f3n \u201creforzada\u201d.<\/p>\n<p>El cual\u00a0comienza este viernes con \u201cSomewhere in Queens\u201d, dirigida por Ray Romano.<\/p>\n<p>Fotograf\u00eda cedida por el Festival de Cine de Miami donde aparece Ray Romano, director de la pel\u00edcula \u00abSomewhere in Queens\u00bb.<\/p>\n<p>Dicho\u00a0filme que levantar\u00e1 el tel\u00f3n el viernes de la 40\u00aa edici\u00f3n del certamen cinematogr\u00e1fico.<\/p>\n<p>Muy conocido por su personaje en la serie televisiva \u201cEverybody Loves Raymond\u201d, Romano, adem\u00e1s de dirigir esta comedia.<\/p>\n<p>Al igual de que\u00a0es el protagonista junto a Laurie Metcalf y escribi\u00f3 el gui\u00f3n con Mark Stegemann.<\/p>\n<p>Su presencia este viernes en la proyecci\u00f3n con la que se levantar\u00e1 el tel\u00f3n del certamen est\u00e1 confirmada.<\/p>\n<p>Esto\u00a0seg\u00fan la universidad Miami Dade College, que es la impulsora y organizadora de esta iniciativa cultural.<\/p>\n<p>El programa de la 40\u00aa edici\u00f3n incluye m\u00e1s de 140 largometrajes, documentales y cortometrajes de todos los g\u00e9neros.<\/p>\n<p>As\u00ed como\u00a0procedentes de m\u00e1s de 30 pa\u00edses, entre los cuales hay una docena de estrenos mundiales y siete estrenos en Estados Unidos.<\/p>\n<p>Los premios en juego suman m\u00e1s de 100.000 d\u00f3lares, pero adem\u00e1s hay una larga lista de invitados estadounidenses y extranjeros.<\/p>\n<p>Esto entre ellos los homenajeados con cuatro premios especiales:<\/p>\n<p>Los actores Nicolas Cage, John Leguizamo y el mexicano Diego Luna y el compositor Nicholas Brittell.<\/p>\n<h4>UNA AUSENCIA NOTABLE<\/h4>\n<p>Lo \u00fanico que ha empa\u00f1ado la celebraci\u00f3n de los 40 a\u00f1os de este festival es que el ic\u00f3nico cine Tower de la calle Ocho de la Peque\u00f1a Habana.<\/p>\n<p>As\u00ed como\u00a0de estilo art dec\u00f3 e inaugurado en 1926, no es ya su sede oficial.<\/p>\n<p>Sin dar explicaciones, las autoridades municipales de Miami decidieron no renovar la concesi\u00f3n del Tower.<\/p>\n<p>Esto\u00a0hecha hace dos d\u00e9cadas al Miami Dade College, que lo convirti\u00f3 en un referente cultural no solo por ser sede del festival.<\/p>\n<p>Sino por exhibir pel\u00edculas en idioma original con subt\u00edtulos durante todo el a\u00f1o.<\/p>\n<p>El Festival, que ser\u00e1 clausurado oficialmente con \u201cThe Lost King\u201d, dirigida por el brit\u00e1nico Stephen Frears.<\/p>\n<p>As\u00ed como estar\u00a0protagonizada por Sally Hawkins y Steve Coogan, el s\u00e1bado 11 de marzo.<\/p>\n<p>Al igual que\u00a0un d\u00eda antes de que se proyecte la \u00faltima pel\u00edcula, se celebrar\u00e1 principalmente en las salas Silverspot en el centro de la ciudad.<\/p>\n<p>\u201cEs una incre\u00edble programaci\u00f3n de pel\u00edculas para celebrar nuestro hist\u00f3rico 40 aniversario\u201d.<\/p>\n<p>\u201cEsperamos conmemorarlo destacando una colecci\u00f3n de talentos cinematogr\u00e1ficos creativos nuevos y establecidos\u201d.<\/p>\n<p>El cual\u00a0subray\u00f3 Maryam Laguna Borrego, vicepresidenta de Asuntos Externos y jefa de Personal de MDC.<\/p>\n","protected":false},"excerpt":{"rendered":"<p>Afianzado como una importante vitrina para la cinematograf\u00eda del mundo y especialmente de Am\u00e9rica Latina. Por ende\u00a0el Festival de Cine de Miami (MFF) cumple 40 a\u00f1os y lo celebra con una edici\u00f3n \u201creforzada\u201d. El cual\u00a0comienza este viernes con \u201cSomewhere in Queens\u201d, dirigida por Ray Romano. Fotograf\u00eda cedida por el Festival de Cine de Miami donde [&hellip;]<\/p>\n","protected":false},"author":1,"featured_media":13351,"comment_status":"open","ping_status":"closed","sticky":false,"template":"","format":"standard","meta":{"footnotes":""},"categories":[4],"tags":[],"class_list":["post-13349","post","type-post","status-publish","format-standard","has-post-thumbnail","hentry","category-espectaculos"],"_links":{"self":[{"href":"https:\/\/podernacional.com\/index.php?rest_route=\/wp\/v2\/posts\/13349","targetHints":{"allow":["GET"]}}],"collection":[{"href":"https:\/\/podernacional.com\/index.php?rest_route=\/wp\/v2\/posts"}],"about":[{"href":"https:\/\/podernacional.com\/index.php?rest_route=\/wp\/v2\/types\/post"}],"author":[{"embeddable":true,"href":"https:\/\/podernacional.com\/index.php?rest_route=\/wp\/v2\/users\/1"}],"replies":[{"embeddable":true,"href":"https:\/\/podernacional.com\/index.php?rest_route=%2Fwp%2Fv2%2Fcomments&post=13349"}],"version-history":[{"count":1,"href":"https:\/\/podernacional.com\/index.php?rest_route=\/wp\/v2\/posts\/13349\/revisions"}],"predecessor-version":[{"id":13350,"href":"https:\/\/podernacional.com\/index.php?rest_route=\/wp\/v2\/posts\/13349\/revisions\/13350"}],"wp:featuredmedia":[{"embeddable":true,"href":"https:\/\/podernacional.com\/index.php?rest_route=\/wp\/v2\/media\/13351"}],"wp:attachment":[{"href":"https:\/\/podernacional.com\/index.php?rest_route=%2Fwp%2Fv2%2Fmedia&parent=13349"}],"wp:term":[{"taxonomy":"category","embeddable":true,"href":"https:\/\/podernacional.com\/index.php?rest_route=%2Fwp%2Fv2%2Fcategories&post=13349"},{"taxonomy":"post_tag","embeddable":true,"href":"https:\/\/podernacional.com\/index.php?rest_route=%2Fwp%2Fv2%2Ftags&post=13349"}],"curies":[{"name":"wp","href":"https:\/\/api.w.org\/{rel}","templated":true}]}}