{"id":13361,"date":"2023-03-02T17:29:36","date_gmt":"2023-03-02T22:29:36","guid":{"rendered":"https:\/\/podernacional.com\/?p=13361"},"modified":"2023-03-02T22:29:37","modified_gmt":"2023-03-02T22:29:37","slug":"a-juicio-sobrino-de-rafael-caro-quintero-lider-del-cartel-de-caborca-en-chetumal","status":"publish","type":"post","link":"https:\/\/podernacional.com\/?p=13361","title":{"rendered":"A juicio, sobrino de Rafael Caro Quintero, l\u00edder del &#039;cartel&#039; de Caborca en Chetumal"},"content":{"rendered":"<h4>Ser\u00e1 juzgado por su probable responsabilidad delitos de narcomenudeo<\/h4>\n<p>La Fiscal\u00eda Especializada en materia de Delincuencia Organizada (FEMDO).<\/p>\n<p>El cual\u00a0obtuvo vinculaci\u00f3n a proceso en contra de Rub\u00e9n Fernando Pay\u00e1n Adame, sobrino de Rafael Caro Quintero.<\/p>\n<p>Por ende es\u00a0identificado con el l\u00edder del c\u00e1rtel de Caborca en Chetumal, Quintana Roo.<\/p>\n<p>Pay\u00e1n Adame quien dijo llamarse Carlos Guillermo Retes Qui\u00f1ones y tambi\u00e9n como Rub\u00e9n Fernando Roacho Adame.<\/p>\n<p>Esto\u00a0al momento de su aprehensi\u00f3n, fue identificado plenamente por las autoridades mexicanas como integrante del c\u00e1rtel de Caborca.<\/p>\n<p>Adem\u00e1s de\u00a0que lideraba Rafael Caro Quintero, y dirigir el arribo de droga a Quintana Roo para esa organizaci\u00f3n.<\/p>\n<p>As\u00ed como que\u00a0su posterior env\u00edo hacia el norte de M\u00e9xico.<\/p>\n<p>La Fiscal\u00eda General de la Rep\u00fablica (FGR) inform\u00f3 que el detenido ser\u00e1 juzgado por su probable responsabilidad en la comisi\u00f3n de delitos.<\/p>\n<p>Esto\u00a0contra la salud en la modalidad de narcomenudeo, posesi\u00f3n con fines de comercio, portaci\u00f3n de arma de fuego sin licencia.<\/p>\n<h4>As\u00ed como de\u00a0portaci\u00f3n de arma de fuego de uso exclusivo del Ej\u00e9rcito, Armada y Fuerza A\u00e9rea.<\/h4>\n<p>As\u00ed como posesi\u00f3n de cargadores tambi\u00e9n de uso exclusivo.<\/p>\n<p>El sobrino de Caro Quintero fue detenido en febrero pasado por elementos de la Guardia Nacional (GN), en Chetumal, Quintana Roo.<\/p>\n<p>Adem\u00e1s que\u00a0cuando viajaba en una camioneta, en posesi\u00f3n de 18 bolsas con m\u00e1s de 200 gramos de coca\u00edna.<\/p>\n<p>As\u00ed como de\u00a012 bolsas con 44 pastillas psicotr\u00f3picas, una pistola, un fusil.<\/p>\n<p>Adem\u00e1s un aditamento lanzagranadas, nueve cargadores, un chaleco bal\u00edstico, nueve tel\u00e9fonos celulares y documentaci\u00f3n.<\/p>\n<p>\u201cEn la audiencia inicial el agente del Ministerio P\u00fablico de la Federaci\u00f3n (MPF)\u201d.<\/p>\n<p>El cual est\u00e1\u00a0adscrito a la Unidad Especializada en Investigaci\u00f3n de Delitos Contra la Salud, expuso los argumentos que resultaron suficientes.<\/p>\n<p>As\u00ed como de contundentes para que el Juez Federal otorgara la vinculaci\u00f3n, impusiera como medida cautelar la prisi\u00f3n preventiva.<\/p>\n<p>A la\u00a0oficiosa en el Reclusorio Varonil Norte con sede en la CDMX y determinara dos meses de plazo para la investigaci\u00f3n complementaria\u201d, inform\u00f3 FGR.<\/p>\n","protected":false},"excerpt":{"rendered":"<p>Ser\u00e1 juzgado por su probable responsabilidad delitos de narcomenudeo La Fiscal\u00eda Especializada en materia de Delincuencia Organizada (FEMDO). El cual\u00a0obtuvo vinculaci\u00f3n a proceso en contra de Rub\u00e9n Fernando Pay\u00e1n Adame, sobrino de Rafael Caro Quintero. Por ende es\u00a0identificado con el l\u00edder del c\u00e1rtel de Caborca en Chetumal, Quintana Roo. Pay\u00e1n Adame quien dijo llamarse Carlos [&hellip;]<\/p>\n","protected":false},"author":1,"featured_media":13363,"comment_status":"open","ping_status":"closed","sticky":false,"template":"","format":"standard","meta":{"footnotes":""},"categories":[9],"tags":[],"class_list":["post-13361","post","type-post","status-publish","format-standard","has-post-thumbnail","hentry","category-politica"],"_links":{"self":[{"href":"https:\/\/podernacional.com\/index.php?rest_route=\/wp\/v2\/posts\/13361","targetHints":{"allow":["GET"]}}],"collection":[{"href":"https:\/\/podernacional.com\/index.php?rest_route=\/wp\/v2\/posts"}],"about":[{"href":"https:\/\/podernacional.com\/index.php?rest_route=\/wp\/v2\/types\/post"}],"author":[{"embeddable":true,"href":"https:\/\/podernacional.com\/index.php?rest_route=\/wp\/v2\/users\/1"}],"replies":[{"embeddable":true,"href":"https:\/\/podernacional.com\/index.php?rest_route=%2Fwp%2Fv2%2Fcomments&post=13361"}],"version-history":[{"count":1,"href":"https:\/\/podernacional.com\/index.php?rest_route=\/wp\/v2\/posts\/13361\/revisions"}],"predecessor-version":[{"id":13362,"href":"https:\/\/podernacional.com\/index.php?rest_route=\/wp\/v2\/posts\/13361\/revisions\/13362"}],"wp:featuredmedia":[{"embeddable":true,"href":"https:\/\/podernacional.com\/index.php?rest_route=\/wp\/v2\/media\/13363"}],"wp:attachment":[{"href":"https:\/\/podernacional.com\/index.php?rest_route=%2Fwp%2Fv2%2Fmedia&parent=13361"}],"wp:term":[{"taxonomy":"category","embeddable":true,"href":"https:\/\/podernacional.com\/index.php?rest_route=%2Fwp%2Fv2%2Fcategories&post=13361"},{"taxonomy":"post_tag","embeddable":true,"href":"https:\/\/podernacional.com\/index.php?rest_route=%2Fwp%2Fv2%2Ftags&post=13361"}],"curies":[{"name":"wp","href":"https:\/\/api.w.org\/{rel}","templated":true}]}}