{"id":13364,"date":"2023-03-03T17:13:10","date_gmt":"2023-03-03T22:13:10","guid":{"rendered":"https:\/\/podernacional.com\/?p=13364"},"modified":"2023-03-03T22:13:11","modified_gmt":"2023-03-03T22:13:11","slug":"llega-el-festival-calle-bonita","status":"publish","type":"post","link":"https:\/\/podernacional.com\/?p=13364","title":{"rendered":"Llega el Festival Calle Bonita"},"content":{"rendered":"<h4>Durante dos d\u00edas, podr\u00e1s disfrutar de muestras art\u00edsticas, feria de emprendimiento, m\u00fasica en vivo y ambiente familiar.<\/h4>\n<p>Esto\u00a0con los mejores restaurantes que brindar\u00e1n una amplia variedad de platos.<\/p>\n<p>Solistas o d\u00faos de m\u00fasica, teatro, circo, literatura y pintura, entre otras expresiones art\u00edsticas.<\/p>\n<p>Adem\u00e1s de diez emprendedores de Bogot\u00e1 tendr\u00e1n un espacio en los festivales para dar a conocer su trabajo.<\/p>\n<p>La calle m\u00e1s bonita de Bogot\u00e1 est\u00e1 ubicada en la calle 30, entre carrera quinta y s\u00e9ptima, en el Centro Internacional de la ciudad.<\/p>\n<p>Se puede tomar el Transmilenio sobre la carrera s\u00e9ptima y subir caminando por Calle Bonita para conocer las casas coloniales.<\/p>\n<p>Al igual que\u00a0disfrutar la vista de los cerros orientales de fondo.<\/p>\n<h4>Algunos participantes<\/h4>\n<p>De la Loma \u2013 @delaloma<\/p>\n<p>Restaurante El solar del brevo \u2013 @elsolardelbrevo<\/p>\n<p>Restaurante Peri Peri \u2013 @restaurante_peri_peri<\/p>\n<p>La boca de los cuatro mares \u2013 @labocadelos4mares<\/p>\n<p>Jarman Restaurante \u2013 @jarmanrestaurante<\/p>\n<p>Lima Canto\u0301n Cocina Chifa \u2013 @chifalimacanton<\/p>\n<p>Gatos Restaurante desde 1996 \u2013 @gatosrestaurante<\/p>\n<p>Olivo &amp; Lienzo \u2013 @olivoylienzo<\/p>\n<p>La Casa de los Postres \u2013 @la_casadelos_postres<\/p>\n<p>Smoking Molly \u2013 @smokingmolly<\/p>\n<p>NiuPi \u2013 @niupi.restaurante.bogota<\/p>\n<p>Restaurante Yoconta \u2013 @restaurante_yoconta<\/p>\n<p>Cat Coffee \u2013 @catcoffeeco<\/p>\n<p>Naturalmente \u2013 @naturalmentevegano<\/p>\n","protected":false},"excerpt":{"rendered":"<p>Durante dos d\u00edas, podr\u00e1s disfrutar de muestras art\u00edsticas, feria de emprendimiento, m\u00fasica en vivo y ambiente familiar. Esto\u00a0con los mejores restaurantes que brindar\u00e1n una amplia variedad de platos. Solistas o d\u00faos de m\u00fasica, teatro, circo, literatura y pintura, entre otras expresiones art\u00edsticas. Adem\u00e1s de diez emprendedores de Bogot\u00e1 tendr\u00e1n un espacio en los festivales para [&hellip;]<\/p>\n","protected":false},"author":1,"featured_media":13366,"comment_status":"open","ping_status":"closed","sticky":false,"template":"","format":"standard","meta":{"footnotes":""},"categories":[2],"tags":[],"class_list":["post-13364","post","type-post","status-publish","format-standard","has-post-thumbnail","hentry","category-cultural"],"_links":{"self":[{"href":"https:\/\/podernacional.com\/index.php?rest_route=\/wp\/v2\/posts\/13364","targetHints":{"allow":["GET"]}}],"collection":[{"href":"https:\/\/podernacional.com\/index.php?rest_route=\/wp\/v2\/posts"}],"about":[{"href":"https:\/\/podernacional.com\/index.php?rest_route=\/wp\/v2\/types\/post"}],"author":[{"embeddable":true,"href":"https:\/\/podernacional.com\/index.php?rest_route=\/wp\/v2\/users\/1"}],"replies":[{"embeddable":true,"href":"https:\/\/podernacional.com\/index.php?rest_route=%2Fwp%2Fv2%2Fcomments&post=13364"}],"version-history":[{"count":1,"href":"https:\/\/podernacional.com\/index.php?rest_route=\/wp\/v2\/posts\/13364\/revisions"}],"predecessor-version":[{"id":13365,"href":"https:\/\/podernacional.com\/index.php?rest_route=\/wp\/v2\/posts\/13364\/revisions\/13365"}],"wp:featuredmedia":[{"embeddable":true,"href":"https:\/\/podernacional.com\/index.php?rest_route=\/wp\/v2\/media\/13366"}],"wp:attachment":[{"href":"https:\/\/podernacional.com\/index.php?rest_route=%2Fwp%2Fv2%2Fmedia&parent=13364"}],"wp:term":[{"taxonomy":"category","embeddable":true,"href":"https:\/\/podernacional.com\/index.php?rest_route=%2Fwp%2Fv2%2Fcategories&post=13364"},{"taxonomy":"post_tag","embeddable":true,"href":"https:\/\/podernacional.com\/index.php?rest_route=%2Fwp%2Fv2%2Ftags&post=13364"}],"curies":[{"name":"wp","href":"https:\/\/api.w.org\/{rel}","templated":true}]}}