{"id":13370,"date":"2023-03-03T18:36:21","date_gmt":"2023-03-03T23:36:21","guid":{"rendered":"https:\/\/podernacional.com\/?p=13370"},"modified":"2023-03-03T23:36:24","modified_gmt":"2023-03-03T23:36:24","slug":"fallece-pablo-santini-ruiz-exconductor-de-deportes","status":"publish","type":"post","link":"https:\/\/podernacional.com\/?p=13370","title":{"rendered":"Fallece Pablo Santini Ruiz, exconductor de deportes"},"content":{"rendered":"<h4>Su deceso se registra en la capital de Sonora, donde ten\u00eda meses radicando procedente de Estados Unidos; ser\u00e1 velado en Obreg\u00f3n<\/h4>\n<p>La tarde de de este jueves se registr\u00f3 el fat\u00eddico deceso del reconocido cronista deportivo Pablo Santini Ruiz.<\/p>\n<p>Esto\u00a0en la ciudad de Hermosillo, Sonora, d\u00f3nde radicaba desde hace algunos meses.<\/p>\n<p>Adem\u00e1s de que el tambi\u00e9n conductor y productor de televisi\u00f3n trabajo durante toda su carrera en Televisora Grupo Pac\u00edfico (TVP).<\/p>\n<p>Lugar en\u00a0donde se gan\u00f3 el respeto y la amistad del mundo del deporte.<\/p>\n<h4>Santini Ruiz viv\u00eda la pasi\u00f3n del deporte de una manera muy peculiar.<\/h4>\n<p>As\u00ed mismo estando\u00a0llegando a apasionarse con algunos de sus seguidores que entraban en pol\u00e9mica con \u00e9l, por la diferencia de criterios.<\/p>\n<p>Adem\u00e1s, se caracteriz\u00f3 por conducirse como todo un profesional dentro y fuera de los terrenos de juego.<\/p>\n<p>\u00abPablito\u00bb o Santini, c\u00f3mo lo conoc\u00edan amigos y colegas, sorprende a sus amistades y familiares con su fallecimiento.<\/p>\n<p>Al igual que al retirarse del \u00e1mbito deportivo se fue a radicar algunos a\u00f1os a Estados Unidos.<\/p>\n<p>Con esto, al igual que hac\u00eda pocos meses hab\u00eda regresado a M\u00e9xico para establecerse en la capital del estado.<\/p>\n<p>Por ende, su cuerpo ser\u00e1 velado a partir de las 10:00 horas en conocida funeraria de Colima e Hidalgo, en Ciudad Obreg\u00f3n.<\/p>\n<p>Descanse en paz, Pablo Santini Ruiz.<\/p>\n","protected":false},"excerpt":{"rendered":"<p>Su deceso se registra en la capital de Sonora, donde ten\u00eda meses radicando procedente de Estados Unidos; ser\u00e1 velado en Obreg\u00f3n La tarde de de este jueves se registr\u00f3 el fat\u00eddico deceso del reconocido cronista deportivo Pablo Santini Ruiz. Esto\u00a0en la ciudad de Hermosillo, Sonora, d\u00f3nde radicaba desde hace algunos meses. Adem\u00e1s de que el [&hellip;]<\/p>\n","protected":false},"author":1,"featured_media":13372,"comment_status":"open","ping_status":"closed","sticky":false,"template":"","format":"standard","meta":{"footnotes":""},"categories":[3],"tags":[],"class_list":["post-13370","post","type-post","status-publish","format-standard","has-post-thumbnail","hentry","category-deportes"],"_links":{"self":[{"href":"https:\/\/podernacional.com\/index.php?rest_route=\/wp\/v2\/posts\/13370","targetHints":{"allow":["GET"]}}],"collection":[{"href":"https:\/\/podernacional.com\/index.php?rest_route=\/wp\/v2\/posts"}],"about":[{"href":"https:\/\/podernacional.com\/index.php?rest_route=\/wp\/v2\/types\/post"}],"author":[{"embeddable":true,"href":"https:\/\/podernacional.com\/index.php?rest_route=\/wp\/v2\/users\/1"}],"replies":[{"embeddable":true,"href":"https:\/\/podernacional.com\/index.php?rest_route=%2Fwp%2Fv2%2Fcomments&post=13370"}],"version-history":[{"count":1,"href":"https:\/\/podernacional.com\/index.php?rest_route=\/wp\/v2\/posts\/13370\/revisions"}],"predecessor-version":[{"id":13371,"href":"https:\/\/podernacional.com\/index.php?rest_route=\/wp\/v2\/posts\/13370\/revisions\/13371"}],"wp:featuredmedia":[{"embeddable":true,"href":"https:\/\/podernacional.com\/index.php?rest_route=\/wp\/v2\/media\/13372"}],"wp:attachment":[{"href":"https:\/\/podernacional.com\/index.php?rest_route=%2Fwp%2Fv2%2Fmedia&parent=13370"}],"wp:term":[{"taxonomy":"category","embeddable":true,"href":"https:\/\/podernacional.com\/index.php?rest_route=%2Fwp%2Fv2%2Fcategories&post=13370"},{"taxonomy":"post_tag","embeddable":true,"href":"https:\/\/podernacional.com\/index.php?rest_route=%2Fwp%2Fv2%2Ftags&post=13370"}],"curies":[{"name":"wp","href":"https:\/\/api.w.org\/{rel}","templated":true}]}}