{"id":13373,"date":"2023-03-03T18:37:49","date_gmt":"2023-03-03T23:37:49","guid":{"rendered":"https:\/\/podernacional.com\/?p=13373"},"modified":"2023-03-03T23:37:50","modified_gmt":"2023-03-03T23:37:50","slug":"festival-internacional-el-caballo-y-su-mundo-en-leon","status":"publish","type":"post","link":"https:\/\/podernacional.com\/?p=13373","title":{"rendered":"Festival Internacional El Caballo y Su Mundo en Le\u00f3n"},"content":{"rendered":"<h4>Este a\u00f1o el comit\u00e9 organizador augura una afluencia de 45 mil visitantes, quienes podr\u00e1n disfrutar de una experiencia extraordinaria de actividades y atractivos.<\/h4>\n<p>Esto con el objetivo de seguir fortaleciendo los eventos equipos en el Estado de Guanajuato, hoy se inaugur\u00f3 la 4ta.<\/p>\n<p>Por ende en la Edici\u00f3n del Festival Internacional El Caballo y Su Mundo en la velar\u00eda de la Feria Estatal de Le\u00f3n.<\/p>\n<p>Juan Jos\u00e9 \u00c1lvarez Brunel, secretario de Turismo del Estado de Guanajuato, en representaci\u00f3n de Diego Sinhue Rodr\u00edguez Vallej.<\/p>\n<p>As\u00ed como el\u00a0Gobernador del Estado, acompa\u00f1\u00f3 a Luis de Alba Padilla, Fernando C\u00e9sar Garc\u00eda L\u00f3pez, Eva G\u00f3mez Morales, fundador.<\/p>\n<p>El cual es\u00a0director y gerente generales, respectivamente, del Festival Internacional el Caballo y su Mundo.<\/p>\n<p>Esto\u00a0a la inauguraci\u00f3n de este evento que concluye el 05 de marzo.<\/p>\n<p>A la inauguraci\u00f3n de este evento tambi\u00e9n asisti\u00f3 Alma Cristina Rodr\u00edguez Vallejo, secretaria de Fortalecimiento Social de Le\u00f3n.<\/p>\n<p>As\u00ed como de\u00a0Luis Gerardo S\u00e1nchez S\u00e1nchez, alcalde de San Luis de la Paz -municipio invitado en 4ta. Edici\u00f3n del Festival-, entre otras autoridades municipales.<\/p>\n<p>Este evento equino, donde el caballo es la estrella del evento.<\/p>\n<p>Adem\u00e1s de que\u00a0fortalece la cultura de destrezas, habilidades ecuestres y vaqueras propias del charro mexicano.<\/p>\n<p>As\u00ed como\u00a0por lo que se muestra en todo momento el cuidado que se debe tener con estos bellos ejemplares.<\/p>\n<p>Al igual que el trato digno hacia ellos, contando con cl\u00ednicas que capacitan a los criadores.<\/p>\n<h4>\u201cGuanajuato es un Estado apto para todo evento\u201d.<\/h4>\n<p>\u201cDesde Gobierno del Estado apoyamos a los comit\u00e9s organizadores para que los eventos se lleven a cabo y se fortalezcan\u201d.<\/p>\n<p>\u201cGuanajuato se reconoce por el trabajo transversal\u201d.<\/p>\n<p>\u201cEl Estado hace equipo con los municipios y con el sector tur\u00edstico para llevar las acciones tur\u00edsticas a otro nivel\u201d, dijo el secretario de Turismo.<\/p>\n<p>Este a\u00f1o el comit\u00e9 organizador augura una afluencia de 45 mil visitantes, quienes podr\u00e1n disfrutar de una experiencia extraordinaria de actividades y atractivos.<\/p>\n<p>Este festival cuenta un \u00c1rea Comercial con m\u00e1s de 50 expositores con variedad de productos.<\/p>\n<p>As\u00ed\u00a0como botas, sombreros, ropa vaquera, accesorios, talabarter\u00eda, bisuter\u00eda, artesan\u00edas, entre otros productos artesanales.<\/p>\n<p>Tambi\u00e9n hay una Zona Gastron\u00f3mica con m\u00e1s de 15 expositores con variedad de alimentos.<\/p>\n<p>Al igual que\u00a0un restaurante con capacidad para 150 personas con una amplia carta de alimentos; \u00a0un pabell\u00f3n de Productores rurales del Municipio de Le\u00f3n.<\/p>\n<p>Este evento contribuye a la reactivaci\u00f3n econ\u00f3mica del municipio de Le\u00f3n.<\/p>\n<p>Para los ni\u00f1os hay una Granja Infantil Interactiva, en donde podr\u00e1n convivir con los animales, aprender\u00e1n del trato digno.<\/p>\n<h4>As\u00ed como de\u00a0cuidados sobre las especies como patos, ponis, becerros, borregos, cerditos y conejos.<\/h4>\n<p>Actividades:<\/p>\n<ul>\n<li>Etapa nacional de Cuarto de Milla con Calificaci\u00f3n de conformaci\u00f3n y de trabajo<\/li>\n<li>Competencia nacional de Lazo Doble<\/li>\n<li>Torneo Internacional de Barriles<\/li>\n<li>Rodeo Americano Internacional (M\u00e9xico, Guatemala, Brasil y USA)<\/li>\n<li>Ranch Sorting<\/li>\n<li>Competencia de Salto<\/li>\n<li>Cl\u00ednicas<\/li>\n<li>Equinoterapia<\/li>\n<li>Caballos bailadores y de Alta Escuela<\/li>\n<li>Escaramuzas Caballo de Palo<\/li>\n<li>Floreo de Soga<\/li>\n<li>Indias Mayahuel<\/li>\n<li>Exhibici\u00f3n de distintas Razas (Caballos cuarto de milla, appaloosas, espa\u00f1oles, aztecas, frison)<\/li>\n<li>Subastas<\/li>\n<li>Suertes Charras<\/li>\n<li>Pialadero de Borregos<\/li>\n<li>Granja infantil<\/li>\n<li>Ponis<\/li>\n<\/ul>\n","protected":false},"excerpt":{"rendered":"<p>Este a\u00f1o el comit\u00e9 organizador augura una afluencia de 45 mil visitantes, quienes podr\u00e1n disfrutar de una experiencia extraordinaria de actividades y atractivos. Esto con el objetivo de seguir fortaleciendo los eventos equipos en el Estado de Guanajuato, hoy se inaugur\u00f3 la 4ta. Por ende en la Edici\u00f3n del Festival Internacional El Caballo y Su [&hellip;]<\/p>\n","protected":false},"author":1,"featured_media":13375,"comment_status":"open","ping_status":"closed","sticky":false,"template":"","format":"standard","meta":{"footnotes":""},"categories":[5],"tags":[],"class_list":["post-13373","post","type-post","status-publish","format-standard","has-post-thumbnail","hentry","category-internacional"],"_links":{"self":[{"href":"https:\/\/podernacional.com\/index.php?rest_route=\/wp\/v2\/posts\/13373","targetHints":{"allow":["GET"]}}],"collection":[{"href":"https:\/\/podernacional.com\/index.php?rest_route=\/wp\/v2\/posts"}],"about":[{"href":"https:\/\/podernacional.com\/index.php?rest_route=\/wp\/v2\/types\/post"}],"author":[{"embeddable":true,"href":"https:\/\/podernacional.com\/index.php?rest_route=\/wp\/v2\/users\/1"}],"replies":[{"embeddable":true,"href":"https:\/\/podernacional.com\/index.php?rest_route=%2Fwp%2Fv2%2Fcomments&post=13373"}],"version-history":[{"count":1,"href":"https:\/\/podernacional.com\/index.php?rest_route=\/wp\/v2\/posts\/13373\/revisions"}],"predecessor-version":[{"id":13374,"href":"https:\/\/podernacional.com\/index.php?rest_route=\/wp\/v2\/posts\/13373\/revisions\/13374"}],"wp:featuredmedia":[{"embeddable":true,"href":"https:\/\/podernacional.com\/index.php?rest_route=\/wp\/v2\/media\/13375"}],"wp:attachment":[{"href":"https:\/\/podernacional.com\/index.php?rest_route=%2Fwp%2Fv2%2Fmedia&parent=13373"}],"wp:term":[{"taxonomy":"category","embeddable":true,"href":"https:\/\/podernacional.com\/index.php?rest_route=%2Fwp%2Fv2%2Fcategories&post=13373"},{"taxonomy":"post_tag","embeddable":true,"href":"https:\/\/podernacional.com\/index.php?rest_route=%2Fwp%2Fv2%2Ftags&post=13373"}],"curies":[{"name":"wp","href":"https:\/\/api.w.org\/{rel}","templated":true}]}}