{"id":13388,"date":"2023-03-04T12:49:04","date_gmt":"2023-03-04T17:49:04","guid":{"rendered":"https:\/\/podernacional.com\/?p=13388"},"modified":"2023-03-04T17:49:22","modified_gmt":"2023-03-04T17:49:22","slug":"pronostican-para-quintana-roo-dia-caluroso-y-lluvias-probables","status":"publish","type":"post","link":"https:\/\/podernacional.com\/?p=13388","title":{"rendered":"Pronostican para  Quintana Roo, d\u00eda caluroso y lluvias probables"},"content":{"rendered":"<p>De acuerdo con el Servicio Meteorol\u00f3gico Nacional, este s\u00e1bado 4 de marzo las condiciones climatol\u00f3gicas ser\u00e1n las siguientes: el frente n\u00famero 37 adquirir\u00e1 caracter\u00edsticas de estacionario sobre el Golfo de M\u00e9xico<\/p>\n<p>Continuar\u00e1 interactuando con un canal de baja presi\u00f3n en el sureste del pa\u00eds, generando chubascos que podr\u00edan acompa\u00f1arse de descargas el\u00e9ctricas en Veracruz, Oaxaca y Chiapas.<\/p>\n<p>La masa de aire fr\u00edo asociada al frente empezar\u00e1 a modificar sus caracter\u00edsticas t\u00e9rmicas y dar\u00e1 paso al gradual ascenso de las temperaturas m\u00e1ximas en el noreste y oriente del pa\u00eds.<\/p>\n<p>Asimismo, continuar\u00e1 el viento de componente sur (surada) con rachas de hasta 60 kil\u00f3metros por hora (km\/h) en la Pen\u00ednsula de Yucat\u00e1n.<\/p>\n<p>Simult\u00e1neamente, un sistema anticicl\u00f3nico en niveles medios de la atm\u00f3sfera mantendr\u00e1 ambiente caluroso en zonas del occidente, centro, sur y Pen\u00ednsula de Yucat\u00e1n, con temperaturas de 35 a 40 grados cent\u00edgrados.<\/p>\n<p>El cielo estar\u00e1 medio nublado en la Pen\u00ednsula de Yucat\u00e1n y por la tarde habr\u00e1 probabilidad de lluvias aisladas en Campeche, Yucat\u00e1n y Quintana Roo.<\/p>\n<p>El ambiente matutino ser\u00e1 templado y muy caluroso durante la tarde, con viento de componente sur (surada) con rachas de 40 a 60 km\/h en la pen\u00ednsula.<\/p>\n","protected":false},"excerpt":{"rendered":"<p>De acuerdo con el Servicio Meteorol\u00f3gico Nacional, este s\u00e1bado 4 de marzo las condiciones climatol\u00f3gicas ser\u00e1n las siguientes: el frente n\u00famero 37 adquirir\u00e1 caracter\u00edsticas de estacionario sobre el Golfo de M\u00e9xico Continuar\u00e1 interactuando con un canal de baja presi\u00f3n en el sureste del pa\u00eds, generando chubascos que podr\u00edan acompa\u00f1arse de descargas el\u00e9ctricas en Veracruz, Oaxaca [&hellip;]<\/p>\n","protected":false},"author":1,"featured_media":13390,"comment_status":"open","ping_status":"closed","sticky":false,"template":"","format":"standard","meta":{"footnotes":""},"categories":[10],"tags":[],"class_list":["post-13388","post","type-post","status-publish","format-standard","has-post-thumbnail","hentry","category-quintana-roo"],"_links":{"self":[{"href":"https:\/\/podernacional.com\/index.php?rest_route=\/wp\/v2\/posts\/13388","targetHints":{"allow":["GET"]}}],"collection":[{"href":"https:\/\/podernacional.com\/index.php?rest_route=\/wp\/v2\/posts"}],"about":[{"href":"https:\/\/podernacional.com\/index.php?rest_route=\/wp\/v2\/types\/post"}],"author":[{"embeddable":true,"href":"https:\/\/podernacional.com\/index.php?rest_route=\/wp\/v2\/users\/1"}],"replies":[{"embeddable":true,"href":"https:\/\/podernacional.com\/index.php?rest_route=%2Fwp%2Fv2%2Fcomments&post=13388"}],"version-history":[{"count":1,"href":"https:\/\/podernacional.com\/index.php?rest_route=\/wp\/v2\/posts\/13388\/revisions"}],"predecessor-version":[{"id":13389,"href":"https:\/\/podernacional.com\/index.php?rest_route=\/wp\/v2\/posts\/13388\/revisions\/13389"}],"wp:featuredmedia":[{"embeddable":true,"href":"https:\/\/podernacional.com\/index.php?rest_route=\/wp\/v2\/media\/13390"}],"wp:attachment":[{"href":"https:\/\/podernacional.com\/index.php?rest_route=%2Fwp%2Fv2%2Fmedia&parent=13388"}],"wp:term":[{"taxonomy":"category","embeddable":true,"href":"https:\/\/podernacional.com\/index.php?rest_route=%2Fwp%2Fv2%2Fcategories&post=13388"},{"taxonomy":"post_tag","embeddable":true,"href":"https:\/\/podernacional.com\/index.php?rest_route=%2Fwp%2Fv2%2Ftags&post=13388"}],"curies":[{"name":"wp","href":"https:\/\/api.w.org\/{rel}","templated":true}]}}