{"id":13391,"date":"2023-03-04T13:05:57","date_gmt":"2023-03-04T18:05:57","guid":{"rendered":"https:\/\/podernacional.com\/?p=13391"},"modified":"2023-03-04T18:06:26","modified_gmt":"2023-03-04T18:06:26","slug":"fallece-marciano-dzul-presidente-munidipal-de-tulum","status":"publish","type":"post","link":"https:\/\/podernacional.com\/?p=13391","title":{"rendered":"Fallece Marciano Dzul, presidente munidipal de Tulum"},"content":{"rendered":"<p>Luego de casi un mes de librar una batalla contra el cancer que le fue detectado en el p\u00e1ncreas, falleci\u00f3 Marciano Dzul Caamal, a sus 53 a\u00f1os de edad, quien era presidente municipal de Tulum.<\/p>\n<p>La informaci\u00f3n fue corroborada por allegados de Dzul Caamal, que piden sea respetada la pena que les embarga.<\/p>\n<p>Hasta el momento se desconoce cu\u00e1ndo estar\u00edan llegando sus restos a Tulum, donde se presume que ser\u00eda sepultado; se espera que miles de personas acudan a darle el adi\u00f3s en su \u00faltima morada.<\/p>\n<p>Marciano Dzul Caamal, fungi\u00f3 en su momento c\u00f3mo l\u00edder de la UNTRAC Tulum, fue dos veces regidor del Ayuntamiento de Solidaridad y era la segunda ocasi\u00f3n que fung\u00eda como presidente municipal, pero por azares del destino, perdi\u00f3 la batalla contra el c\u00e1ncer. Descanse en paz.<\/p>\n","protected":false},"excerpt":{"rendered":"<p>Luego de casi un mes de librar una batalla contra el cancer que le fue detectado en el p\u00e1ncreas, falleci\u00f3 Marciano Dzul Caamal, a sus 53 a\u00f1os de edad, quien era presidente municipal de Tulum. La informaci\u00f3n fue corroborada por allegados de Dzul Caamal, que piden sea respetada la pena que les embarga. Hasta el [&hellip;]<\/p>\n","protected":false},"author":1,"featured_media":13393,"comment_status":"open","ping_status":"closed","sticky":false,"template":"","format":"standard","meta":{"footnotes":""},"categories":[10],"tags":[],"class_list":["post-13391","post","type-post","status-publish","format-standard","has-post-thumbnail","hentry","category-quintana-roo"],"_links":{"self":[{"href":"https:\/\/podernacional.com\/index.php?rest_route=\/wp\/v2\/posts\/13391","targetHints":{"allow":["GET"]}}],"collection":[{"href":"https:\/\/podernacional.com\/index.php?rest_route=\/wp\/v2\/posts"}],"about":[{"href":"https:\/\/podernacional.com\/index.php?rest_route=\/wp\/v2\/types\/post"}],"author":[{"embeddable":true,"href":"https:\/\/podernacional.com\/index.php?rest_route=\/wp\/v2\/users\/1"}],"replies":[{"embeddable":true,"href":"https:\/\/podernacional.com\/index.php?rest_route=%2Fwp%2Fv2%2Fcomments&post=13391"}],"version-history":[{"count":1,"href":"https:\/\/podernacional.com\/index.php?rest_route=\/wp\/v2\/posts\/13391\/revisions"}],"predecessor-version":[{"id":13392,"href":"https:\/\/podernacional.com\/index.php?rest_route=\/wp\/v2\/posts\/13391\/revisions\/13392"}],"wp:featuredmedia":[{"embeddable":true,"href":"https:\/\/podernacional.com\/index.php?rest_route=\/wp\/v2\/media\/13393"}],"wp:attachment":[{"href":"https:\/\/podernacional.com\/index.php?rest_route=%2Fwp%2Fv2%2Fmedia&parent=13391"}],"wp:term":[{"taxonomy":"category","embeddable":true,"href":"https:\/\/podernacional.com\/index.php?rest_route=%2Fwp%2Fv2%2Fcategories&post=13391"},{"taxonomy":"post_tag","embeddable":true,"href":"https:\/\/podernacional.com\/index.php?rest_route=%2Fwp%2Fv2%2Ftags&post=13391"}],"curies":[{"name":"wp","href":"https:\/\/api.w.org\/{rel}","templated":true}]}}