{"id":13418,"date":"2023-03-04T14:03:28","date_gmt":"2023-03-04T19:03:28","guid":{"rendered":"https:\/\/podernacional.com\/?p=13418"},"modified":"2023-03-04T19:03:29","modified_gmt":"2023-03-04T19:03:29","slug":"parque-quintana-roo-le-devolvera-el-brillo-a-chetumal-mara-lezama","status":"publish","type":"post","link":"https:\/\/podernacional.com\/?p=13418","title":{"rendered":"Parque Quintana Roo le devolver\u00e1 el brillo a Chetumal: Mara Lezama"},"content":{"rendered":"<h4>El tambi\u00e9n recinto ferial tendr\u00e1 21 hect\u00e1reas de extensi\u00f3n y contar\u00e1 con fuentes y ciclov\u00edas<\/h4>\n<p>La gobernadora Mara Lezama Espinosa anunci\u00f3 la construcci\u00f3n del Parque Quintana Roo y present\u00f3 las maquetas del proyecto.<\/p>\n<p>El cual\u00a0contar\u00e1 con una extensi\u00f3n de 21 hect\u00e1reas, donde se ubicar\u00e1 el recinto ferial con el concepto de parque recreativo.<\/p>\n<p>As\u00ed como\u00a0con jardines, fuentes, ciclov\u00edas y espacios para la diversi\u00f3n familiar.<\/p>\n<p>Este proyecto tiene el aval del Gobierno de M\u00e9xico y se construir\u00e1 con recursos federales.<\/p>\n<p>Esto, gracias a las gestiones que la gobernadora Mara Lezama hizo ante el presidente Andr\u00e9s Manuel L\u00f3pez Obrador.<\/p>\n<p>\u201cDurante la \u00faltima visita del presidente, Andr\u00e9s Manuel L\u00f3pez Obrador, platicamos sobre este proyecto\u201d.<\/p>\n<p>\u201cAdem\u00e1s de que\u00a0le interesa que el sur vuelva a brillar, que nuestra gente cuente con espacios dignos\u201d.<\/p>\n<h4>\u201cAs\u00ed como que\u00a0se comprometi\u00f3 a ayudarnos para lograr esta obra\u201d, coment\u00f3 la gobernbadora.<\/h4>\n<p>El Parque Quintana Roo estar\u00e1 en el corredor verde y de servicios de Chetumal, cercano a donde se encontraba la ExpoFer.<\/p>\n<p>Mara Lezama expres\u00f3 que ser\u00e1 un lugar que se merece la capital del estado y que podr\u00e1 ser utilizado durante todo el a\u00f1o.<\/p>\n<p>Adem\u00e1s que contribuye al rescate de tradiciones y costumbres, como se contempla en el Nuevo Acuerdo por el Bienestar y Desarrollo.<\/p>\n<p>Por a\u00f1os, la Expoferia ha sido el punto de encuentro de los chetumale\u00f1os, visitantes y en s\u00ed es la feria m\u00e1s importante en el estado.<\/p>\n<p>As\u00ed como\u00a0de ah\u00ed la conveniencia de contar con instalaciones de este nivel en un terreno de 21 hect\u00e1reas.<\/p>\n<p>El cual est\u00e1\u00a0aprobado por el presidente Andr\u00e9s Manuel L\u00f3pez Obrador para que, en coordinaci\u00f3n con la Sedatu, se desarrolle el megaproyecto.<\/p>\n<p>El concepto ampl\u00eda su uso para convertirlo en un atractivo de la ciudad, para ser utilizado por las familias.<\/p>\n<p>Esto\u00a0con un recorrido que narre la historia de Quintana Roo y cada uno de los municipios.<\/p>\n<p>Estar\u00e1 compuesto por siete etapas hist\u00f3ricas: Prehistoria, Descubrimiento y conquista, La Colonia, Guerra de Castas, Relaciones con Belice.<\/p>\n<p>Adem\u00e1s de la\u00a0Creaci\u00f3n del Territorio y El Estado de Quintana Roo y su Desarrollo.<\/p>\n","protected":false},"excerpt":{"rendered":"<p>El tambi\u00e9n recinto ferial tendr\u00e1 21 hect\u00e1reas de extensi\u00f3n y contar\u00e1 con fuentes y ciclov\u00edas La gobernadora Mara Lezama Espinosa anunci\u00f3 la construcci\u00f3n del Parque Quintana Roo y present\u00f3 las maquetas del proyecto. El cual\u00a0contar\u00e1 con una extensi\u00f3n de 21 hect\u00e1reas, donde se ubicar\u00e1 el recinto ferial con el concepto de parque recreativo. As\u00ed como\u00a0con [&hellip;]<\/p>\n","protected":false},"author":1,"featured_media":13420,"comment_status":"open","ping_status":"closed","sticky":false,"template":"","format":"standard","meta":{"footnotes":""},"categories":[10],"tags":[],"class_list":["post-13418","post","type-post","status-publish","format-standard","has-post-thumbnail","hentry","category-quintana-roo"],"_links":{"self":[{"href":"https:\/\/podernacional.com\/index.php?rest_route=\/wp\/v2\/posts\/13418","targetHints":{"allow":["GET"]}}],"collection":[{"href":"https:\/\/podernacional.com\/index.php?rest_route=\/wp\/v2\/posts"}],"about":[{"href":"https:\/\/podernacional.com\/index.php?rest_route=\/wp\/v2\/types\/post"}],"author":[{"embeddable":true,"href":"https:\/\/podernacional.com\/index.php?rest_route=\/wp\/v2\/users\/1"}],"replies":[{"embeddable":true,"href":"https:\/\/podernacional.com\/index.php?rest_route=%2Fwp%2Fv2%2Fcomments&post=13418"}],"version-history":[{"count":1,"href":"https:\/\/podernacional.com\/index.php?rest_route=\/wp\/v2\/posts\/13418\/revisions"}],"predecessor-version":[{"id":13419,"href":"https:\/\/podernacional.com\/index.php?rest_route=\/wp\/v2\/posts\/13418\/revisions\/13419"}],"wp:featuredmedia":[{"embeddable":true,"href":"https:\/\/podernacional.com\/index.php?rest_route=\/wp\/v2\/media\/13420"}],"wp:attachment":[{"href":"https:\/\/podernacional.com\/index.php?rest_route=%2Fwp%2Fv2%2Fmedia&parent=13418"}],"wp:term":[{"taxonomy":"category","embeddable":true,"href":"https:\/\/podernacional.com\/index.php?rest_route=%2Fwp%2Fv2%2Fcategories&post=13418"},{"taxonomy":"post_tag","embeddable":true,"href":"https:\/\/podernacional.com\/index.php?rest_route=%2Fwp%2Fv2%2Ftags&post=13418"}],"curies":[{"name":"wp","href":"https:\/\/api.w.org\/{rel}","templated":true}]}}