{"id":13424,"date":"2023-03-05T10:09:45","date_gmt":"2023-03-05T15:09:45","guid":{"rendered":"https:\/\/podernacional.com\/?p=13424"},"modified":"2023-03-05T15:10:03","modified_gmt":"2023-03-05T15:10:03","slug":"se-espera-cielo-nublado-y-sin-lluvia-para-la-peninsula-de-yucatan","status":"publish","type":"post","link":"https:\/\/podernacional.com\/?p=13424","title":{"rendered":"Se espera cielo nublado y sin lluvia para la Pen\u00ednsula de Yucat\u00e1n"},"content":{"rendered":"<p>Para hoy, el frente n\u00fam. 37 con caracter\u00edsticas de estacionario sobre el noreste del Golfo de M\u00e9xico dejar\u00e1 de afectar al territorio nacional.<\/p>\n<p>Un canal de baja presi\u00f3n sobre el sureste del pa\u00eds, favorecer\u00e1 lluvias con chubascos en el sureste de M\u00e9xico.<\/p>\n<p>Por otra parte, un nuevo frente fr\u00edo se aproximar\u00e1 al norte de Baja California, interaccionar\u00e1 con la corriente en chorro subtropical, propiciando rachas fuertes de viento de hasta 50 km\/h en el noroeste de M\u00e9xico.<\/p>\n<p>En horas de la noche, una l\u00ednea seca se extender\u00e1 sobre Coahuila, propiciar\u00e1 rachas fuertes de viento de hasta 70 km\/h con tolvaneras en el noreste de la Rep\u00fablica Mexicana.<\/p>\n<p>La entrada de humedad del Oc\u00e9ano Pac\u00edfico y el calentamiento diurno, propiciar\u00e1n lluvias aisladas con posibles descargas el\u00e9ctricas y ca\u00edda de granizo en entidades del centro del pa\u00eds, incluido el Valle de M\u00e9xico.<\/p>\n<p>Finalmente, un sistema anticicl\u00f3nico en niveles medios de la atm\u00f3sfera mantendr\u00e1 ambiente vespertino caluroso a muy caluroso sobre la mayor parte del territorio mexicano.<\/p>\n<p>Pen\u00ednsula de Yucat\u00e1n: Cielo parcialmente nublado y sin lluvia en la regi\u00f3n. Ambiente matutino templado y muy caluroso durante la tarde. Viento de componente este de 10 a 20 km\/h con rachas de hasta 50 km\/h en la regi\u00f3n.<\/p>\n","protected":false},"excerpt":{"rendered":"<p>Para hoy, el frente n\u00fam. 37 con caracter\u00edsticas de estacionario sobre el noreste del Golfo de M\u00e9xico dejar\u00e1 de afectar al territorio nacional. Un canal de baja presi\u00f3n sobre el sureste del pa\u00eds, favorecer\u00e1 lluvias con chubascos en el sureste de M\u00e9xico. Por otra parte, un nuevo frente fr\u00edo se aproximar\u00e1 al norte de Baja [&hellip;]<\/p>\n","protected":false},"author":1,"featured_media":13426,"comment_status":"open","ping_status":"closed","sticky":false,"template":"","format":"standard","meta":{"footnotes":""},"categories":[10],"tags":[],"class_list":["post-13424","post","type-post","status-publish","format-standard","has-post-thumbnail","hentry","category-quintana-roo"],"_links":{"self":[{"href":"https:\/\/podernacional.com\/index.php?rest_route=\/wp\/v2\/posts\/13424","targetHints":{"allow":["GET"]}}],"collection":[{"href":"https:\/\/podernacional.com\/index.php?rest_route=\/wp\/v2\/posts"}],"about":[{"href":"https:\/\/podernacional.com\/index.php?rest_route=\/wp\/v2\/types\/post"}],"author":[{"embeddable":true,"href":"https:\/\/podernacional.com\/index.php?rest_route=\/wp\/v2\/users\/1"}],"replies":[{"embeddable":true,"href":"https:\/\/podernacional.com\/index.php?rest_route=%2Fwp%2Fv2%2Fcomments&post=13424"}],"version-history":[{"count":1,"href":"https:\/\/podernacional.com\/index.php?rest_route=\/wp\/v2\/posts\/13424\/revisions"}],"predecessor-version":[{"id":13425,"href":"https:\/\/podernacional.com\/index.php?rest_route=\/wp\/v2\/posts\/13424\/revisions\/13425"}],"wp:featuredmedia":[{"embeddable":true,"href":"https:\/\/podernacional.com\/index.php?rest_route=\/wp\/v2\/media\/13426"}],"wp:attachment":[{"href":"https:\/\/podernacional.com\/index.php?rest_route=%2Fwp%2Fv2%2Fmedia&parent=13424"}],"wp:term":[{"taxonomy":"category","embeddable":true,"href":"https:\/\/podernacional.com\/index.php?rest_route=%2Fwp%2Fv2%2Fcategories&post=13424"},{"taxonomy":"post_tag","embeddable":true,"href":"https:\/\/podernacional.com\/index.php?rest_route=%2Fwp%2Fv2%2Ftags&post=13424"}],"curies":[{"name":"wp","href":"https:\/\/api.w.org\/{rel}","templated":true}]}}