{"id":1343,"date":"2020-09-11T20:20:01","date_gmt":"2020-09-11T20:20:01","guid":{"rendered":"http:\/\/whatsappcancun.com\/?p=1343"},"modified":"2020-09-11T20:20:01","modified_gmt":"2020-09-11T20:20:01","slug":"mueren-dos-ninos-al-confundir-una-granada-con-una-pelota-en-venezuela","status":"publish","type":"post","link":"https:\/\/podernacional.com\/?p=1343","title":{"rendered":"Mueren dos ni\u00f1os al confundir una granada con una pelota en Venezuela"},"content":{"rendered":"\n<p>Las v\u00edctimas de 8 y 10 a\u00f1os, respectivamente, se encontraban jugando en su casa y al encontrar el artefacto explosivo lo manipularon. Presentaron desprendimiento de manos y pies<\/p>\n\n\n\n<p>Una tragedia enlut\u00f3 un hogar en el centroocidente de&nbsp;<a href=\"https:\/\/adncuba.com\/venezuela\" target=\"_blank\" rel=\"noreferrer noopener\">Venezuela<\/a>, espec\u00edficamente en el estado Lara, donde&nbsp;<strong>dos hermanos de 10 y 8 a\u00f1os perdieron la vida tras la explosi\u00f3n de una granada&nbsp;<\/strong>que manipularon por desconocimiento. Una tercera v\u00edctima de 6 a\u00f1os tambi\u00e9n result\u00f3 herida y se encuentra en terapia intensiva en la ciudad de Barquisimeto (capital).<\/p>\n\n\n\n<p>El ni\u00f1o de 10 a\u00f1os muri\u00f3 cuando deton\u00f3 el artefacto, mientras que el peque\u00f1o de 8 a\u00f1os ingres\u00f3 con vida al Hospital Pastor Oropeza de la capital larense, pero no sobrevivi\u00f3 durante el&nbsp;procedimiento quir\u00fargico.&nbsp;La hermana&nbsp;de 6 a\u00f1os permanece en la terapia intensiva&nbsp;del Hospital Universitario de Pediatr\u00eda Agust\u00edn Zubillaga&nbsp;y su condici\u00f3n es estable.<\/p>\n\n\n\n<p><strong>Los padres de cuatro ni\u00f1os perdieron a sus dos varones\u00a0<\/strong>en el accidente. El hecho ocurri\u00f3 en la parte trasera de su residencia, ubicada en el barrio La Esperanza de Barquisimeto.<img decoding=\"async\" src=\"https:\/\/img.connatix.com\/c3eadc9b-cee4-4045-8aca-a302e780b9d9\/1.png\" alt=\"\">Art\u00edculos Destacadosby\u00a0<em>ADN Cuba<\/em><a rel=\"noreferrer noopener\" target=\"_blank\" href=\"https:\/\/adncuba.com\/noticias-de-cuba\/actualidad\/todo-el-que-se-sienta-mal-es-covid-19-dice-director-de-salud-en-ciego\">\u201cTodo el que se sienta mal, es COVID\u201119\u201d dicedirector de Salud en Ciego de \u00c1vila<\/a><img decoding=\"async\" src=\"https:\/\/img.connatix.com\/eab0f4b0-d166-4e56-ad9b-5625ee44190d\/c7822434-8b3b-43d5-a408-2cc78dc1697a.jpg?crop=485:273,smart&amp;width=485&amp;height=273&amp;format=jpeg&amp;quality=60&amp;fit=crop\" alt=\"Anciano de 76 a\u00f1os denuncia que en ninguna farmacia le responden al tel\u00e9fono\"><img decoding=\"async\" src=\"https:\/\/img.connatix.com\/eab0f4b0-d166-4e56-ad9b-5625ee44190d\/247ea124-cab7-417f-86ad-07f8c1bff010.jpg?crop=485:273,smart&amp;width=485&amp;height=273&amp;format=jpeg&amp;quality=60&amp;fit=crop\" alt=\"Intentaron suicidarse 8 adolescentes en Aguada de Pasajeros en lo que va de 2020\"><img decoding=\"async\" src=\"https:\/\/img.connatix.com\/eab0f4b0-d166-4e56-ad9b-5625ee44190d\/b99b2500-0e74-44b8-bb90-0da41157ed67.jpg?crop=485:273,smart&amp;width=485&amp;height=273&amp;format=jpeg&amp;quality=60&amp;fit=crop\" alt=\"\u201cTodo el que se sienta mal, es COVID-19\u201d dice director de Salud en Ciego de \u00c1vila\"><img decoding=\"async\" src=\"https:\/\/img.connatix.com\/eab0f4b0-d166-4e56-ad9b-5625ee44190d\/b9b002f7-8cf1-437c-9cf4-885f160c6ff6.jpg?crop=485:273,smart&amp;width=485&amp;height=273&amp;format=jpeg&amp;quality=60&amp;fit=crop\" alt=\"Alexis D\u00edaz-Pimienta a Jos\u00e9 Rubiera: &quot;Cu\u00eddese ese coraz\u00f3n, que toda Cuba lo espera&quot;\"><img decoding=\"async\" src=\"https:\/\/img.connatix.com\/eab0f4b0-d166-4e56-ad9b-5625ee44190d\/cd94892e-e440-448e-8186-451603492b2a.jpg?crop=485:273,smart&amp;width=485&amp;height=273&amp;format=jpeg&amp;quality=60&amp;fit=crop\" alt=\"Guatemala: piden asilo para m\u00e9dicos cubanos y romper acuerdo con r\u00e9gimen\"><img decoding=\"async\" src=\"https:\/\/img.connatix.com\/eab0f4b0-d166-4e56-ad9b-5625ee44190d\/13e814a0-9ab0-4062-803e-adb5ae166775.jpg?crop=485:273,smart&amp;width=485&amp;height=273&amp;format=jpeg&amp;quality=60&amp;fit=crop\" alt=\"R\u00e9gimen decomisa 11 mil d\u00f3lares a cubano y lo acusa de tr\u00e1fico de divisas\"><\/p>\n\n\n\n<p>Los peque\u00f1os localizaron el artefacto explosivo, el cual fue descrito por otra hermana de 12 a\u00f1os como un \u201cglobo de color negro con pepas\u201d.&nbsp;<\/p>\n\n\n\n<p>Los infantes quedaron identificados como Javier Alfonzo Montero Camejo (10) y Jaider Jos\u00e9 Montero Camejo (8).<\/p>\n\n\n\n<p>El accidente&nbsp;ocurri\u00f3 pasada las 12 del medio de este mi\u00e9rcoles 9 de septiembre.&nbsp;Al escuchar el estallido, los padres de los menores salieron y observaron a los tres en el suelo.<\/p>\n\n\n\n<p>Los ni\u00f1os fallecidos&nbsp;<strong>presentaron desprendimiento parcial de manos y pies<\/strong>.&nbsp; La escasez de gasolina demor\u00f3 el traslado al centro asistencial, pues los vecinos tuvieron que cerrar la calle con neum\u00e1ticos para lograr que alguien que transitara por el lugar pudiera atender la emergencia, ya que no hay transporte p\u00fablico en la mayor parte del territorio nacional.<\/p>\n\n\n\n<p>Funcionario policiales&nbsp;del Servicio Bolivariano de Inteligencia Nacional (Sebin) acudieron al sitio y verificaron que el artefacto era una granada modelo M26.&nbsp;&nbsp;<\/p>\n\n\n\n<p>La comunidad se encuentra consternada por la tragedia familiar. Urgen a las autoridades a tomar cartas en el asunto.<\/p>\n\n\n\n<figure class=\"wp-block-image\"><img decoding=\"async\" src=\"https:\/\/adncuba.com\/sites\/default\/files\/2020-09\/jesushernandez34_20200911_9_0.png\" alt=\"\"\/><\/figure>\n\n\n\n<figure class=\"wp-block-image\"><img decoding=\"async\" src=\"https:\/\/adncuba.com\/sites\/default\/files\/2020-09\/jesushernandez34_20200911_10.png\" alt=\"\"\/><\/figure>\n\n\n\n<figure class=\"wp-block-image\"><img decoding=\"async\" src=\"https:\/\/adncuba.com\/sites\/default\/files\/2020-09\/jesushernandez34_20200911_16.png\" alt=\"\"\/><\/figure>\n\n\n\n<figure class=\"wp-block-image\"><img decoding=\"async\" src=\"https:\/\/adncuba.com\/sites\/default\/files\/2020-09\/jesushernandez34_20200911_15.png\" alt=\"\"\/><\/figure>\n\n\n\n<figure class=\"wp-block-image\"><img decoding=\"async\" src=\"https:\/\/adncuba.com\/sites\/default\/files\/2020-09\/jesushernandez34_20200911_14.png\" alt=\"\"\/><\/figure>\n\n\n\n<figure class=\"wp-block-image\"><img decoding=\"async\" src=\"https:\/\/adncuba.com\/sites\/default\/files\/2020-09\/jesushernandez34_20200911_11.png\" alt=\"\"\/><\/figure>\n\n\n\n<figure class=\"wp-block-image\"><img decoding=\"async\" src=\"https:\/\/adncuba.com\/sites\/default\/files\/2020-09\/jesushernandez34_20200911_12.png\" alt=\"\"\/><\/figure>\n\n\n\n<figure class=\"wp-block-image\"><img decoding=\"async\" src=\"https:\/\/adncuba.com\/sites\/default\/files\/2020-09\/jesushernandez34_20200911_13.png\" alt=\"\"\/><\/figure>\n\n\n\n<figure class=\"wp-block-image\"><img decoding=\"async\" src=\"https:\/\/adncuba.com\/sites\/default\/files\/2020-09\/jesushernandez34_20200911_9_0.png\" alt=\"\"\/><\/figure>\n\n\n\n<figure class=\"wp-block-image\"><img decoding=\"async\" src=\"https:\/\/adncuba.com\/sites\/default\/files\/2020-09\/jesushernandez34_20200911_10.png\" alt=\"\"\/><\/figure>\n\n\n\n<figure class=\"wp-block-image\"><img decoding=\"async\" src=\"https:\/\/adncuba.com\/sites\/default\/files\/2020-09\/jesushernandez34_20200911_16.png\" alt=\"\"\/><\/figure>\n","protected":false},"excerpt":{"rendered":"<p>Las v\u00edctimas de 8 y 10 a\u00f1os, respectivamente, se encontraban jugando en su casa y al encontrar el artefacto explosivo lo manipularon. Presentaron desprendimiento de manos y pies Una tragedia enlut\u00f3 un hogar en el centroocidente de&nbsp;Venezuela, espec\u00edficamente en el estado Lara, donde&nbsp;dos hermanos de 10 y 8 a\u00f1os perdieron la vida tras la explosi\u00f3n [&hellip;]<\/p>\n","protected":false},"author":1,"featured_media":1344,"comment_status":"open","ping_status":"open","sticky":false,"template":"","format":"standard","meta":{"footnotes":""},"categories":[12],"tags":[],"class_list":["post-1343","post","type-post","status-publish","format-standard","has-post-thumbnail","hentry","category-sin-categoria"],"_links":{"self":[{"href":"https:\/\/podernacional.com\/index.php?rest_route=\/wp\/v2\/posts\/1343","targetHints":{"allow":["GET"]}}],"collection":[{"href":"https:\/\/podernacional.com\/index.php?rest_route=\/wp\/v2\/posts"}],"about":[{"href":"https:\/\/podernacional.com\/index.php?rest_route=\/wp\/v2\/types\/post"}],"author":[{"embeddable":true,"href":"https:\/\/podernacional.com\/index.php?rest_route=\/wp\/v2\/users\/1"}],"replies":[{"embeddable":true,"href":"https:\/\/podernacional.com\/index.php?rest_route=%2Fwp%2Fv2%2Fcomments&post=1343"}],"version-history":[{"count":0,"href":"https:\/\/podernacional.com\/index.php?rest_route=\/wp\/v2\/posts\/1343\/revisions"}],"wp:featuredmedia":[{"embeddable":true,"href":"https:\/\/podernacional.com\/index.php?rest_route=\/wp\/v2\/media\/1344"}],"wp:attachment":[{"href":"https:\/\/podernacional.com\/index.php?rest_route=%2Fwp%2Fv2%2Fmedia&parent=1343"}],"wp:term":[{"taxonomy":"category","embeddable":true,"href":"https:\/\/podernacional.com\/index.php?rest_route=%2Fwp%2Fv2%2Fcategories&post=1343"},{"taxonomy":"post_tag","embeddable":true,"href":"https:\/\/podernacional.com\/index.php?rest_route=%2Fwp%2Fv2%2Ftags&post=1343"}],"curies":[{"name":"wp","href":"https:\/\/api.w.org\/{rel}","templated":true}]}}