{"id":13463,"date":"2023-03-06T16:19:56","date_gmt":"2023-03-06T21:19:56","guid":{"rendered":"https:\/\/podernacional.com\/?p=13463"},"modified":"2023-03-06T21:19:57","modified_gmt":"2023-03-06T21:19:57","slug":"comienza-nueva-edicion-del-festival-inasible-en-queretaro","status":"publish","type":"post","link":"https:\/\/podernacional.com\/?p=13463","title":{"rendered":"Comienza nueva edici\u00f3n del Festival Inasible en Quer\u00e9taro"},"content":{"rendered":"<h4>Se llevar\u00e1 a cabo la segunda edici\u00f3n del festival art\u00edstico \u201cInasible, reflexiones actuales de mujeres en las artes\u201d, del 6 al 11 de marzo.<\/h4>\n<p>La Secretar\u00eda de Cultura del estado llevar\u00e1 a cabo la segunda edici\u00f3n del festival art\u00edstico \u201cInasible, reflexiones actuales de mujeres en las artes\u201d.<\/p>\n<p>As\u00ed como\u00a0del 6 al 11 de marzo, con el objetivo de revisar las maneras en que se conforma para cada una y para todas.<\/p>\n<p>Al igual que de\u00a0la presencia de la mujer y su hacer en las artes.<\/p>\n<p>\u201cInasible\u201d es un espacio para abordar cuestionamientos profundos que permitan a las participantes responderse desde la lealtad.<\/p>\n<p>As\u00ed como\u00a0para asumirse como mujeres que, desde el autocuidado, la crianza y las econom\u00edas solidarias, resisten para seguir politizando lo personal.<\/p>\n<p>La edici\u00f3n 2023 del festival tendr\u00e1 como sedes los diversos espacios del Centro de las Artes de Quer\u00e9taro (CEART).<\/p>\n<p>Adem\u00e1s\u00a0del Centro Queretano de la Imagen (CQI) e incluye actividades como talleres, convivencias, proyecci\u00f3n de cortometrajes.<\/p>\n<p>As\u00ed como del\u00a0exposiciones y conversatorios, entre otras.<\/p>\n<h4>Durante la inauguraci\u00f3n, se impartir\u00e1 el taller \u201cFeminismo en las 7 esquinas\u201d.<\/h4>\n<p>As\u00ed como\u00a0que consiste en un acercamiento al arte de las mujeres en el mundo para conocer su genealog\u00eda, explorar su historia.<\/p>\n<p>Adem\u00e1s de\u00a0dar herramientas para escribir la propia. Tambi\u00e9n se proyectar\u00e1n los cortometrajes Koltavanej, de Chiapas.<\/p>\n<p>As\u00ed como\u00a0El surcir de las olas, de Guerrero; Tita. Tejedora de ra\u00edces, de Oaxaca, y Magda o el pueblo de los pescados, de Oaxaca.<\/p>\n<p>Posteriormente el d\u00eda 7 se impartir\u00e1 un curso de impresi\u00f3n de pa\u00f1uelos con grabado.<\/p>\n<p>Adem\u00e1s que\u00a0al d\u00eda siguiente se brindar\u00e1 un taller de acercamiento a la lectura para primera infancia.<\/p>\n<p>Adem\u00e1s de que se proyectar\u00e1n los cortometrajes No quiero decir adios, de Chiapas; Tramas y trascendencias, de Guatemala, y A los once, de Puebla.<\/p>\n<p>Para el 9 de marzo se llevar\u00e1 a cabo el \u201cTaller de acercamiento a la lectura para ni\u00f1eces\u201d, la exposici\u00f3n \u201cAutorretratos, genealog\u00eda femenina\u201d.<\/p>\n<h4>Por ende,\u00a0se inaugurar\u00e1 la exposici\u00f3n resultada del Taller de Gr\u00e1fica con Perspectiva Feminista.<\/h4>\n<p>Esto\u00a0que permanecer\u00e1 abierta hasta el 8 de mayo en los pasillos del Claustro del CEART<\/p>\n<p>Tambi\u00e9n se abrir\u00e1 la muestra inmersiva \u201cDe 8 A 5\u201d, de Denisse Calder\u00f3n, en el \u00e1rbol del Patio de Novicias del CEART.<\/p>\n<p>As\u00ed como del viernes 10 se ofrecer\u00e1 el \u201cTaller de joyer\u00eda ef\u00edmera en barro, cuentas y quimeras\u201d.<\/p>\n<p>Esto\u00a0en el que se modelar\u00e1n con barro piezas de peque\u00f1o formato para que cada participante se lleve la que elabor\u00f3.<\/p>\n","protected":false},"excerpt":{"rendered":"<p>Se llevar\u00e1 a cabo la segunda edici\u00f3n del festival art\u00edstico \u201cInasible, reflexiones actuales de mujeres en las artes\u201d, del 6 al 11 de marzo. La Secretar\u00eda de Cultura del estado llevar\u00e1 a cabo la segunda edici\u00f3n del festival art\u00edstico \u201cInasible, reflexiones actuales de mujeres en las artes\u201d. As\u00ed como\u00a0del 6 al 11 de marzo, con [&hellip;]<\/p>\n","protected":false},"author":1,"featured_media":13465,"comment_status":"open","ping_status":"closed","sticky":false,"template":"","format":"standard","meta":{"footnotes":""},"categories":[7],"tags":[],"class_list":["post-13463","post","type-post","status-publish","format-standard","has-post-thumbnail","hentry","category-nacional"],"_links":{"self":[{"href":"https:\/\/podernacional.com\/index.php?rest_route=\/wp\/v2\/posts\/13463","targetHints":{"allow":["GET"]}}],"collection":[{"href":"https:\/\/podernacional.com\/index.php?rest_route=\/wp\/v2\/posts"}],"about":[{"href":"https:\/\/podernacional.com\/index.php?rest_route=\/wp\/v2\/types\/post"}],"author":[{"embeddable":true,"href":"https:\/\/podernacional.com\/index.php?rest_route=\/wp\/v2\/users\/1"}],"replies":[{"embeddable":true,"href":"https:\/\/podernacional.com\/index.php?rest_route=%2Fwp%2Fv2%2Fcomments&post=13463"}],"version-history":[{"count":1,"href":"https:\/\/podernacional.com\/index.php?rest_route=\/wp\/v2\/posts\/13463\/revisions"}],"predecessor-version":[{"id":13464,"href":"https:\/\/podernacional.com\/index.php?rest_route=\/wp\/v2\/posts\/13463\/revisions\/13464"}],"wp:featuredmedia":[{"embeddable":true,"href":"https:\/\/podernacional.com\/index.php?rest_route=\/wp\/v2\/media\/13465"}],"wp:attachment":[{"href":"https:\/\/podernacional.com\/index.php?rest_route=%2Fwp%2Fv2%2Fmedia&parent=13463"}],"wp:term":[{"taxonomy":"category","embeddable":true,"href":"https:\/\/podernacional.com\/index.php?rest_route=%2Fwp%2Fv2%2Fcategories&post=13463"},{"taxonomy":"post_tag","embeddable":true,"href":"https:\/\/podernacional.com\/index.php?rest_route=%2Fwp%2Fv2%2Ftags&post=13463"}],"curies":[{"name":"wp","href":"https:\/\/api.w.org\/{rel}","templated":true}]}}