{"id":13469,"date":"2023-03-06T16:28:35","date_gmt":"2023-03-06T21:28:35","guid":{"rendered":"https:\/\/podernacional.com\/?p=13469"},"modified":"2023-03-06T21:28:36","modified_gmt":"2023-03-06T21:28:36","slug":"preven-20-mil-visitantes-en-festival-gastronomico-en-tulancingo","status":"publish","type":"post","link":"https:\/\/podernacional.com\/?p=13469","title":{"rendered":"Prev\u00e9n 20 mil visitantes en festival gastron\u00f3mico en Tulancingo"},"content":{"rendered":"<h4>Se desarrollar\u00e1 de 17 a 19 de marzo con 80 expositores en el jard\u00edn la Floresta<\/h4>\n<p>Invitan a probar platillos t\u00edpicos.<\/p>\n<p>Por primera ocasi\u00f3n, la presidencia municipal de Tulancingo, realizar\u00e1 el Festival Gastron\u00f3mico Tulancingo con Sabor 2023, del 17 al 19 de marzo.<\/p>\n<p>En esta actividad que busca fortalecer el turismo gastron\u00f3mico y generar derrama econ\u00f3mica.<\/p>\n<p>As\u00ed como que se espera la presencia de 80 expositores gastron\u00f3micos no s\u00f3lo de la regi\u00f3n, sino de otros municipios con sabor como:<\/p>\n<p>As\u00ed como de: Huejutla y Zempoala. Como invitados especiales acudir\u00e1n expositores de Tuxpan, Veracruz.<\/p>\n<p>Contin\u00faa el impulso del turismo en Hidalgo<\/p>\n<p>Al respecto, el secretario de Fomento Econ\u00f3mico Municipal, Juan Garc\u00eda Melo inform\u00f3 en conferencia de prensa en la Secretar\u00eda de Turismo estatal.<\/p>\n<h4>Al igual\u00a0que durante los tres d\u00edas del festival, se espera una visita de 20 mil personas.<\/h4>\n<p>Adem\u00e1s\u00a0lo que podr\u00eda generar una derrama econ\u00f3mica de 10 millones de pesos, para los expositores y negocios en general.<\/p>\n<p>Este festival se realizar\u00e1 en el jard\u00edn la Floresta de Tulancingo, en donde se instalaran puestos de comida t\u00edpica del municipio como los guajolotes.<\/p>\n<p>As\u00ed como tacos, tamales, barbacoa, carnitas y postres, entre otros.<\/p>\n<p>La directora de Turismo del municipio, Yolanda Eliza Vera Melo indic\u00f3 que entre las actividades culturales y deportivas.<\/p>\n<p>Adem\u00e1s de\u00a0que se realizar\u00e1n a la par de este festival, se encuentran callejoneadas, bailables de Hidalgo y de Veracruz.<\/p>\n<p>As\u00ed como de la\u00a0m\u00fasica con artistas locales, una funci\u00f3n de box, as\u00ed como un desfile de autom\u00f3viles (bochos).<\/p>\n<p>Durante los tres d\u00edas, se espera que lleguen visitantes de todas las regiones de la entidad a conocer la gastronom\u00eda hidalguense y de Veracruz.<\/p>\n<p>Adem\u00e1s que\u00a0ya que se les proporcionaran 10 stands para instalar su comida t\u00edpica y artesan\u00edas de aquel estado.<\/p>\n<h4>El d\u00eda de la inauguraci\u00f3n que ser\u00e1 el viernes 17 de marzo, adem\u00e1s de las autoridades municipales, encabezadas por el presidente.<\/h4>\n<p>Por ende,\u00a0Jorge M\u00e1rquez, se contempla la presencia del chef Aquiles.<\/p>\n<p>Tambi\u00e9n te puede interesar: Los cacahuates japoneses en realidad son mexicanos: la historia tiene que ver con esp\u00edas<\/p>\n<p>El horario que tendr\u00e1 este festival para poder degustar los platillos ser\u00e1 de 10 de la ma\u00f1ana a 10 de la noche.<\/p>\n<p>Adem\u00e1s que\u00a0los tres d\u00edas que dura esta actividad.<\/p>\n<p>Por lo que hicieron una invitaci\u00f3n a toda la poblaci\u00f3n para que acuda los d\u00edas 17, 18 y 19 de marzo.<\/p>\n<p>Esto\u00a0a degustar la gastronom\u00eda de la regi\u00f3n.<\/p>\n","protected":false},"excerpt":{"rendered":"<p>Se desarrollar\u00e1 de 17 a 19 de marzo con 80 expositores en el jard\u00edn la Floresta Invitan a probar platillos t\u00edpicos. Por primera ocasi\u00f3n, la presidencia municipal de Tulancingo, realizar\u00e1 el Festival Gastron\u00f3mico Tulancingo con Sabor 2023, del 17 al 19 de marzo. En esta actividad que busca fortalecer el turismo gastron\u00f3mico y generar derrama [&hellip;]<\/p>\n","protected":false},"author":1,"featured_media":13471,"comment_status":"open","ping_status":"closed","sticky":false,"template":"","format":"standard","meta":{"footnotes":""},"categories":[4],"tags":[],"class_list":["post-13469","post","type-post","status-publish","format-standard","has-post-thumbnail","hentry","category-espectaculos"],"_links":{"self":[{"href":"https:\/\/podernacional.com\/index.php?rest_route=\/wp\/v2\/posts\/13469","targetHints":{"allow":["GET"]}}],"collection":[{"href":"https:\/\/podernacional.com\/index.php?rest_route=\/wp\/v2\/posts"}],"about":[{"href":"https:\/\/podernacional.com\/index.php?rest_route=\/wp\/v2\/types\/post"}],"author":[{"embeddable":true,"href":"https:\/\/podernacional.com\/index.php?rest_route=\/wp\/v2\/users\/1"}],"replies":[{"embeddable":true,"href":"https:\/\/podernacional.com\/index.php?rest_route=%2Fwp%2Fv2%2Fcomments&post=13469"}],"version-history":[{"count":1,"href":"https:\/\/podernacional.com\/index.php?rest_route=\/wp\/v2\/posts\/13469\/revisions"}],"predecessor-version":[{"id":13470,"href":"https:\/\/podernacional.com\/index.php?rest_route=\/wp\/v2\/posts\/13469\/revisions\/13470"}],"wp:featuredmedia":[{"embeddable":true,"href":"https:\/\/podernacional.com\/index.php?rest_route=\/wp\/v2\/media\/13471"}],"wp:attachment":[{"href":"https:\/\/podernacional.com\/index.php?rest_route=%2Fwp%2Fv2%2Fmedia&parent=13469"}],"wp:term":[{"taxonomy":"category","embeddable":true,"href":"https:\/\/podernacional.com\/index.php?rest_route=%2Fwp%2Fv2%2Fcategories&post=13469"},{"taxonomy":"post_tag","embeddable":true,"href":"https:\/\/podernacional.com\/index.php?rest_route=%2Fwp%2Fv2%2Ftags&post=13469"}],"curies":[{"name":"wp","href":"https:\/\/api.w.org\/{rel}","templated":true}]}}