{"id":13481,"date":"2023-03-07T09:56:00","date_gmt":"2023-03-07T14:56:00","guid":{"rendered":"https:\/\/podernacional.com\/?p=13481"},"modified":"2023-03-07T14:56:18","modified_gmt":"2023-03-07T14:56:18","slug":"revelan-imagenes-de-joaquin-phoenix-en-joker-2","status":"publish","type":"post","link":"https:\/\/podernacional.com\/?p=13481","title":{"rendered":"Revelan im\u00e1genes de Joaquin Phoenix en Joker 2"},"content":{"rendered":"<p>A pesar de que actores y extras revelaron maltratos en el set de \u2018Joker 2\u2019, la secuela protagonizada por Joaquin Phoenix sigue en marcha.<\/p>\n<p>Incluso se filtraron im\u00e1genes del actor de \u2018Gladiator\u2019 en el set de grabaci\u00f3n, y ya sabemos c\u00f3mo se ver\u00e1 en esta esperada secuela.<\/p>\n<p>El pasado 4 de marzo de 2023 salieron a la luz im\u00e1genes de Joaquin Phoenix caracterizado como Arthur Fleck, mejor conocido como Joker, para la secuela &#8216;Joker: Folie \u00e0 Deux&#8217; (\u2018Joker: Locura de dos\u2019).<\/p>\n<p>Estas fueron capturadas mientras el actor grababa sus secuencias en Los Angeles. Como es caracter\u00edstico de este personaje, se le ve usando un desali\u00f1ado y polviento traje, adem\u00e1s de maquillaje mal puesto de colores blanco, azul y rojo, muy t\u00edpico del Joker.<\/p>\n<p>En otra de las im\u00e1genes puede ver a Joaquin Phoenix caracterizado con la oreja derecha escurriendo sangre, lo cual sugiere que veremos al villano de DC atravesar alg\u00fan tipo de lesi\u00f3n.<\/p>\n<p>Tambi\u00e9n se filtraron im\u00e1genes del actor corriendo en medio de las calles de Los \u00c1ngeles, en las cuales no se restringi\u00f3 el paso a la ciudadan\u00eda para el rodaje de \u2018Joker 2\u2019.<\/p>\n<p>Desde que se estren\u00f3 \u2018Joker\u2019 en 2019 los fans y la cr\u00edtica especializada no han parado de alabar la actuaci\u00f3n de Joaquin Phoenix, quien sigui\u00f3 una dieta extrema para dar vida a este personaje.<\/p>\n<p>Incluso gan\u00f3 el Premio Oscar al Mejor Actor en 2020 por esta impactante interpretaci\u00f3n. Los fans ans\u00edan volver a verlo en este papel, el cual aparentemente ser\u00e1 perseguido por otros dos Jokers en la secuela.<\/p>\n<p>Esto se piensa porque tambi\u00e9n se filtraron im\u00e1genes de Joaquin Phoenix junto a otro actor caracterizado de la misma forma que el Joker lo estuvo en la primera pel\u00edcula.<\/p>\n<p>No solo eso, sino que a trav\u00e9s de redes sociales los fans que presenciaron las grabaciones de \u2018Joker 2\u2019 compartieron una secuencia que podr\u00edamos ver en la nueva pel\u00edcula.<\/p>\n<p>En ella se ve a Joaquin Phoenix en su papel del Joker siendo perseguido por otras dos personas caracterizadas como el ic\u00f3nico villano de Gotham.<\/p>\n<p>Dado que en la primera pel\u00edcula de \u2018Joker\u2019 las acciones de Arthur inspiraron a otros criminales a tomar el rostro del payaso como la imagen de un movimiento anarquista, podr\u00eda ser que en \u2018Joker: Folie \u00e0 Deux&#8217; las consecuencias de sus actos a\u00fan persigan al personaje de Joaquin Phoenix.<\/p>\n<p>Aunque a\u00fan no se sabe con certeza cu\u00e1l ser\u00e1 la trama de \u2018Joker: Folie \u00e0 Deux&#8217;, s\u00ed se sabe que ser\u00e1 un musical y que Lady Gaga interpretar\u00e1 a Harley Quinn. Su estreno est\u00e1 planeado para octubre de 2024.<\/p>\n<p>&nbsp;<\/p>\n<p>&nbsp;<\/p>\n","protected":false},"excerpt":{"rendered":"<p>A pesar de que actores y extras revelaron maltratos en el set de \u2018Joker 2\u2019, la secuela protagonizada por Joaquin Phoenix sigue en marcha. Incluso se filtraron im\u00e1genes del actor de \u2018Gladiator\u2019 en el set de grabaci\u00f3n, y ya sabemos c\u00f3mo se ver\u00e1 en esta esperada secuela. El pasado 4 de marzo de 2023 salieron [&hellip;]<\/p>\n","protected":false},"author":1,"featured_media":13483,"comment_status":"open","ping_status":"closed","sticky":false,"template":"","format":"standard","meta":{"footnotes":""},"categories":[4],"tags":[],"class_list":["post-13481","post","type-post","status-publish","format-standard","has-post-thumbnail","hentry","category-espectaculos"],"_links":{"self":[{"href":"https:\/\/podernacional.com\/index.php?rest_route=\/wp\/v2\/posts\/13481","targetHints":{"allow":["GET"]}}],"collection":[{"href":"https:\/\/podernacional.com\/index.php?rest_route=\/wp\/v2\/posts"}],"about":[{"href":"https:\/\/podernacional.com\/index.php?rest_route=\/wp\/v2\/types\/post"}],"author":[{"embeddable":true,"href":"https:\/\/podernacional.com\/index.php?rest_route=\/wp\/v2\/users\/1"}],"replies":[{"embeddable":true,"href":"https:\/\/podernacional.com\/index.php?rest_route=%2Fwp%2Fv2%2Fcomments&post=13481"}],"version-history":[{"count":1,"href":"https:\/\/podernacional.com\/index.php?rest_route=\/wp\/v2\/posts\/13481\/revisions"}],"predecessor-version":[{"id":13482,"href":"https:\/\/podernacional.com\/index.php?rest_route=\/wp\/v2\/posts\/13481\/revisions\/13482"}],"wp:featuredmedia":[{"embeddable":true,"href":"https:\/\/podernacional.com\/index.php?rest_route=\/wp\/v2\/media\/13483"}],"wp:attachment":[{"href":"https:\/\/podernacional.com\/index.php?rest_route=%2Fwp%2Fv2%2Fmedia&parent=13481"}],"wp:term":[{"taxonomy":"category","embeddable":true,"href":"https:\/\/podernacional.com\/index.php?rest_route=%2Fwp%2Fv2%2Fcategories&post=13481"},{"taxonomy":"post_tag","embeddable":true,"href":"https:\/\/podernacional.com\/index.php?rest_route=%2Fwp%2Fv2%2Ftags&post=13481"}],"curies":[{"name":"wp","href":"https:\/\/api.w.org\/{rel}","templated":true}]}}