{"id":13517,"date":"2023-03-07T18:38:10","date_gmt":"2023-03-07T23:38:10","guid":{"rendered":"https:\/\/podernacional.com\/?p=13517"},"modified":"2023-03-07T23:38:11","modified_gmt":"2023-03-07T23:38:11","slug":"preven-record-historico-de-arribo-de-sargazo-en-playas-de-quintana-roo","status":"publish","type":"post","link":"https:\/\/podernacional.com\/?p=13517","title":{"rendered":"Prev\u00e9n r\u00e9cord hist\u00f3rico de arribo de sargazo en playas de Quintana Roo"},"content":{"rendered":"<h4>Este a\u00f1o, el arrib\u00f3 de sargazo se adelant\u00f3 casi tres meses.<\/h4>\n<p>Esto pues generalmente los ocurre a fines de mayo o principio de junio, pero ahora se dio desde febrero.<\/p>\n<p>De acuerdo con la Red de Monitoreo de Sargazo, este 2023 ser\u00e1 el a\u00f1o con mayor cantidad de sargazo en la historia del Caribe Mexicano.<\/p>\n<p>As\u00ed como\u00a0por lo que ya se alistan acciones para controlar el arribo masivo de la macroalga.<\/p>\n<p>Y aunque ya se toman acciones, especialistas pronostican que la barrera anti sargazo en el Canal de Cozumel.<\/p>\n<p>El cual\u00a0podr\u00eda ser insuficiente debido a que las grandes cantidades que arriban a la costa siempre dan sorpresas.<\/p>\n<p>Y es que tan solo este a\u00f1o, el arrib\u00f3 de sargazo se adelant\u00f3 casi tres meses, pues generalmente los ocurre a fines de mayo.<\/p>\n<p>O bien en\u00a0principio de junio, pero ahora se dio desde febrero.<\/p>\n<h4>De acuerdo con im\u00e1genes satelitales y datos de la Universidad del Sur de la Florida.<\/h4>\n<p>Este 2023 va a ser extraordinaria la cantidad de sargazo, como ocurre a\u00f1o con a\u00f1o.<\/p>\n<p>Autoridades de la entidad prev\u00e9n colocar una barrera con sus pasos para embarcaciones desde Cozumel hasta Tulum.<\/p>\n<p>Adem\u00e1s que\u00a0lo que tendr\u00eda un costo de 90 a 100 millones de d\u00f3lares.<\/p>\n<p>Este a\u00f1o se tienen contemplados como puntos rojos para la llegada del macro alga lugares como Solidaridad, Puerto Morelos, Tulum.<\/p>\n<p>As\u00ed mismo en\u00a0la costa este de Cozumel, mientras que en Holbox, Isla Mujeres, Contoy y la zona hotelera de Canc\u00fan.<\/p>\n<p>El cual\u00a0se mantiene m\u00e1s o menos limpia con arribos moderados y de baja intensidad.<\/p>\n","protected":false},"excerpt":{"rendered":"<p>Este a\u00f1o, el arrib\u00f3 de sargazo se adelant\u00f3 casi tres meses. Esto pues generalmente los ocurre a fines de mayo o principio de junio, pero ahora se dio desde febrero. De acuerdo con la Red de Monitoreo de Sargazo, este 2023 ser\u00e1 el a\u00f1o con mayor cantidad de sargazo en la historia del Caribe Mexicano. [&hellip;]<\/p>\n","protected":false},"author":1,"featured_media":13519,"comment_status":"open","ping_status":"closed","sticky":false,"template":"","format":"standard","meta":{"footnotes":""},"categories":[10],"tags":[],"class_list":["post-13517","post","type-post","status-publish","format-standard","has-post-thumbnail","hentry","category-quintana-roo"],"_links":{"self":[{"href":"https:\/\/podernacional.com\/index.php?rest_route=\/wp\/v2\/posts\/13517","targetHints":{"allow":["GET"]}}],"collection":[{"href":"https:\/\/podernacional.com\/index.php?rest_route=\/wp\/v2\/posts"}],"about":[{"href":"https:\/\/podernacional.com\/index.php?rest_route=\/wp\/v2\/types\/post"}],"author":[{"embeddable":true,"href":"https:\/\/podernacional.com\/index.php?rest_route=\/wp\/v2\/users\/1"}],"replies":[{"embeddable":true,"href":"https:\/\/podernacional.com\/index.php?rest_route=%2Fwp%2Fv2%2Fcomments&post=13517"}],"version-history":[{"count":1,"href":"https:\/\/podernacional.com\/index.php?rest_route=\/wp\/v2\/posts\/13517\/revisions"}],"predecessor-version":[{"id":13518,"href":"https:\/\/podernacional.com\/index.php?rest_route=\/wp\/v2\/posts\/13517\/revisions\/13518"}],"wp:featuredmedia":[{"embeddable":true,"href":"https:\/\/podernacional.com\/index.php?rest_route=\/wp\/v2\/media\/13519"}],"wp:attachment":[{"href":"https:\/\/podernacional.com\/index.php?rest_route=%2Fwp%2Fv2%2Fmedia&parent=13517"}],"wp:term":[{"taxonomy":"category","embeddable":true,"href":"https:\/\/podernacional.com\/index.php?rest_route=%2Fwp%2Fv2%2Fcategories&post=13517"},{"taxonomy":"post_tag","embeddable":true,"href":"https:\/\/podernacional.com\/index.php?rest_route=%2Fwp%2Fv2%2Ftags&post=13517"}],"curies":[{"name":"wp","href":"https:\/\/api.w.org\/{rel}","templated":true}]}}