{"id":13523,"date":"2023-03-07T18:43:55","date_gmt":"2023-03-07T23:43:55","guid":{"rendered":"https:\/\/podernacional.com\/?p=13523"},"modified":"2023-03-07T23:43:56","modified_gmt":"2023-03-07T23:43:56","slug":"trasladan-a-55-reos-de-quintana-roo-a-penales-federales","status":"publish","type":"post","link":"https:\/\/podernacional.com\/?p=13523","title":{"rendered":"Trasladan a 55 reos de Quintana Roo a penales federales"},"content":{"rendered":"<h4>Los hombres fueron reubicados en Chiapas y Coahuila y las mujeres en Morelos<\/h4>\n<p>\u201cEn estricto apego a las indicaciones de la Comisi\u00f3n Nacional de los Derechos Humanos (CNDH) realizamos el traslado de 55 mujeres\u201d.<\/p>\n<p>\u201cAs\u00ed como de\u00a0hombres a penales federales\u201d, inform\u00f3 la Secretar\u00eda de Seguridad P\u00fablica de Quintana Roo.<\/p>\n<p>La dependencia dio a conocer en un comunicado que realiz\u00f3 acciones en materia de seguridad en los centros penitenciarios del estado.<\/p>\n<p>Esto\u00a0para fortalecer la gobernabilidad, salud e integridad de las Personas Privadas de la Libertad (PPL).<\/p>\n<p>As\u00ed mismo el de lograr una sana reinserci\u00f3n a la sociedad al final de su condena.<\/p>\n<p>El operativo, que tuvo lugar la ma\u00f1ana de este martes, fue realizado con elementos de la Polic\u00eda Estatal en coordinaci\u00f3n.<\/p>\n<p>Esto\u00a0con la Secretar\u00eda de Marina (Semar) y la Guardia Nacional (GN), para salvaguardar el orden y la seguridad.<\/p>\n<h4>En total fueron trasladadas 27 mujeres y 27 hombres del Centro Penitenciario de Benito Ju\u00e1rez.<\/h4>\n<p>Al igual que una persona m\u00e1s en el Centro Penitenciario Municipal de Solidaridad.<\/p>\n<p>Esto\u00a0con el objetivo de mantener un estado de gobernabilidad al interior de los centros penitenciarios.<\/p>\n<p>As\u00ed como de \u201cdespresurizar\u201d la carga de los penales en Quintana Roo.<\/p>\n<p>\u201cPor lo que fueron trasladados a los Centros Federales de Readaptaci\u00f3n Social (Ceferesos) \u00a0n\u00famero 15, ubicado en Chiapas, y al 18\u201d.<\/p>\n<p>\u201cEsto\u00a0con sede en Coahuila, mientras que las mujeres ser\u00e1n enviadas al Cefereso ubicado en Morelos\u201d.<\/p>\n<p>El cual concluye la informaci\u00f3n compartida por la Secretar\u00eda de Seguridad P\u00fablica de Quintana Roo.<\/p>\n","protected":false},"excerpt":{"rendered":"<p>Los hombres fueron reubicados en Chiapas y Coahuila y las mujeres en Morelos \u201cEn estricto apego a las indicaciones de la Comisi\u00f3n Nacional de los Derechos Humanos (CNDH) realizamos el traslado de 55 mujeres\u201d. \u201cAs\u00ed como de\u00a0hombres a penales federales\u201d, inform\u00f3 la Secretar\u00eda de Seguridad P\u00fablica de Quintana Roo. La dependencia dio a conocer en [&hellip;]<\/p>\n","protected":false},"author":1,"featured_media":13525,"comment_status":"open","ping_status":"closed","sticky":false,"template":"","format":"standard","meta":{"footnotes":""},"categories":[10],"tags":[],"class_list":["post-13523","post","type-post","status-publish","format-standard","has-post-thumbnail","hentry","category-quintana-roo"],"_links":{"self":[{"href":"https:\/\/podernacional.com\/index.php?rest_route=\/wp\/v2\/posts\/13523","targetHints":{"allow":["GET"]}}],"collection":[{"href":"https:\/\/podernacional.com\/index.php?rest_route=\/wp\/v2\/posts"}],"about":[{"href":"https:\/\/podernacional.com\/index.php?rest_route=\/wp\/v2\/types\/post"}],"author":[{"embeddable":true,"href":"https:\/\/podernacional.com\/index.php?rest_route=\/wp\/v2\/users\/1"}],"replies":[{"embeddable":true,"href":"https:\/\/podernacional.com\/index.php?rest_route=%2Fwp%2Fv2%2Fcomments&post=13523"}],"version-history":[{"count":1,"href":"https:\/\/podernacional.com\/index.php?rest_route=\/wp\/v2\/posts\/13523\/revisions"}],"predecessor-version":[{"id":13524,"href":"https:\/\/podernacional.com\/index.php?rest_route=\/wp\/v2\/posts\/13523\/revisions\/13524"}],"wp:featuredmedia":[{"embeddable":true,"href":"https:\/\/podernacional.com\/index.php?rest_route=\/wp\/v2\/media\/13525"}],"wp:attachment":[{"href":"https:\/\/podernacional.com\/index.php?rest_route=%2Fwp%2Fv2%2Fmedia&parent=13523"}],"wp:term":[{"taxonomy":"category","embeddable":true,"href":"https:\/\/podernacional.com\/index.php?rest_route=%2Fwp%2Fv2%2Fcategories&post=13523"},{"taxonomy":"post_tag","embeddable":true,"href":"https:\/\/podernacional.com\/index.php?rest_route=%2Fwp%2Fv2%2Ftags&post=13523"}],"curies":[{"name":"wp","href":"https:\/\/api.w.org\/{rel}","templated":true}]}}