{"id":13553,"date":"2023-03-09T09:31:13","date_gmt":"2023-03-09T14:31:13","guid":{"rendered":"https:\/\/podernacional.com\/?p=13553"},"modified":"2023-03-09T14:31:30","modified_gmt":"2023-03-09T14:31:30","slug":"afganistan-es-el-pais-mas-represivo-con-las-mujeres","status":"publish","type":"post","link":"https:\/\/podernacional.com\/?p=13553","title":{"rendered":"Afganist\u00e1n es el pa\u00eds m\u00e1s represivo con las mujeres"},"content":{"rendered":"<p>KABUL.\u2014 Por la prohibici\u00f3n de asistir a la escuela y el libre tr\u00e1nsito, Afganist\u00e1n es el pa\u00eds m\u00e1s represivo con las mujeres, asegur\u00f3 ayer la Organizaci\u00f3n de las Naciones Unidas.<\/p>\n<p>Bajo el gobierno de los talibanes, Afganist\u00e1n sigue siendo el pa\u00eds m\u00e1s represivo del mundo con respecto a los derechos de las mujeres\u201d, denunci\u00f3 en un comunicado Roza Otunbayeva, directora de la misi\u00f3n de asistencia de la ONU en Afganist\u00e1n (UNAMA, por sus siglas en ingl\u00e9s).<\/p>\n<p>Ante esto, el organismo internacional llam\u00f3 a los talibanes a poner fin inmediatamente a las \u201crestricciones draconianas\u201d que imponen a las mujeres en este pa\u00eds.<\/p>\n<p>Ha sido desgarrador ser testigo de sus esfuerzos met\u00f3dicos, deliberados y sistem\u00e1ticos para mantener a las mujeres y ni\u00f1as afganas fuera de la esfera p\u00fablica\u201d, agreg\u00f3 Otunbayeva en un mensaje con motivo del D\u00eda Internacional de la Mujer.<\/p>\n<p>Desde su llegada al poder en agosto de 2021, los talibanes han multiplicado las restricciones para las mujeres.<\/p>\n<p>Actualmente, est\u00e1n vetadas de la universidad y no tienen derecho a acceder a la educaci\u00f3n secundaria.<\/p>\n<p>Este veto surgi\u00f3 luego de que las mujeres desafiaron la orden de ir acompa\u00f1adas por un hombre al campus.<\/p>\n<p>Tampoco se les permite viajar sin la compa\u00f1\u00eda de un pariente hombre y deben cubrirse para salir de casa.<\/p>\n<p>En noviembre, el r\u00e9gimen fundamentalista prohibi\u00f3 el acceso a parques, jardines, gimnasios y ba\u00f1os p\u00fablicos.<\/p>\n<p>En desaf\u00edo a esto, en Kabul, unas 20 mujeres se manifestaron.<\/p>\n<p>Lleg\u00f3 el momento de la ONU tome acciones que sean decisivas para el destino del pueblo\u201d, declar\u00f3 una de las manifestantes.<\/p>\n<p>Los nuevos gobernantes han mostrado un enfoque singular en la imposici\u00f3n de normas que dejan a la mayor\u00eda de las mujeres y ni\u00f1as atrapadas de facto en sus casas\u201d, destac\u00f3 la ONU.<\/p>\n<p>El lunes, inici\u00f3 el nuevo ciclo escolar en las universidades.<\/p>\n<p>Sin embargo, \u00fanicamente pudieron ingresar los hombres.<\/p>\n<p>Tengo el coraz\u00f3n destrozado de ver c\u00f3mo regresan a la escuela y nosotras nos quedamos en casa\u201d, lament\u00f3 la joven Rahela.<\/p>\n","protected":false},"excerpt":{"rendered":"<p>KABUL.\u2014 Por la prohibici\u00f3n de asistir a la escuela y el libre tr\u00e1nsito, Afganist\u00e1n es el pa\u00eds m\u00e1s represivo con las mujeres, asegur\u00f3 ayer la Organizaci\u00f3n de las Naciones Unidas. Bajo el gobierno de los talibanes, Afganist\u00e1n sigue siendo el pa\u00eds m\u00e1s represivo del mundo con respecto a los derechos de las mujeres\u201d, denunci\u00f3 en [&hellip;]<\/p>\n","protected":false},"author":1,"featured_media":13555,"comment_status":"open","ping_status":"closed","sticky":false,"template":"","format":"standard","meta":{"footnotes":""},"categories":[5],"tags":[],"class_list":["post-13553","post","type-post","status-publish","format-standard","has-post-thumbnail","hentry","category-internacional"],"_links":{"self":[{"href":"https:\/\/podernacional.com\/index.php?rest_route=\/wp\/v2\/posts\/13553","targetHints":{"allow":["GET"]}}],"collection":[{"href":"https:\/\/podernacional.com\/index.php?rest_route=\/wp\/v2\/posts"}],"about":[{"href":"https:\/\/podernacional.com\/index.php?rest_route=\/wp\/v2\/types\/post"}],"author":[{"embeddable":true,"href":"https:\/\/podernacional.com\/index.php?rest_route=\/wp\/v2\/users\/1"}],"replies":[{"embeddable":true,"href":"https:\/\/podernacional.com\/index.php?rest_route=%2Fwp%2Fv2%2Fcomments&post=13553"}],"version-history":[{"count":1,"href":"https:\/\/podernacional.com\/index.php?rest_route=\/wp\/v2\/posts\/13553\/revisions"}],"predecessor-version":[{"id":13554,"href":"https:\/\/podernacional.com\/index.php?rest_route=\/wp\/v2\/posts\/13553\/revisions\/13554"}],"wp:featuredmedia":[{"embeddable":true,"href":"https:\/\/podernacional.com\/index.php?rest_route=\/wp\/v2\/media\/13555"}],"wp:attachment":[{"href":"https:\/\/podernacional.com\/index.php?rest_route=%2Fwp%2Fv2%2Fmedia&parent=13553"}],"wp:term":[{"taxonomy":"category","embeddable":true,"href":"https:\/\/podernacional.com\/index.php?rest_route=%2Fwp%2Fv2%2Fcategories&post=13553"},{"taxonomy":"post_tag","embeddable":true,"href":"https:\/\/podernacional.com\/index.php?rest_route=%2Fwp%2Fv2%2Ftags&post=13553"}],"curies":[{"name":"wp","href":"https:\/\/api.w.org\/{rel}","templated":true}]}}