{"id":13580,"date":"2023-03-08T14:00:29","date_gmt":"2023-03-08T19:00:29","guid":{"rendered":"https:\/\/podernacional.com\/?p=13580"},"modified":"2023-03-09T22:57:03","modified_gmt":"2023-03-09T22:57:03","slug":"james-cameron-y-katya-echazarreta-en-puebla-esto-debes-saber-sobre-el-festival-de-las-ideas-2023","status":"publish","type":"post","link":"https:\/\/podernacional.com\/?p=13580","title":{"rendered":"\u00a1James Cameron y Katya Echazarreta en Puebla! Esto debes saber sobre el Festival de las Ideas 2023"},"content":{"rendered":"<h4>Conoce aqu\u00ed todos los detalles del foro m\u00e1s importante de Am\u00e9rica Latina que se realiza del 9 al 11 de marzo.<\/h4>\n<p>Festival de las Ideas.<\/p>\n<p>Del 9 al 11 de marzo de 2023 se llevara a cabo en Puebla el &#8216;Festival de las Ideas&#8217;.<\/p>\n<p>As\u00ed como del encuentro que re\u00fane a las figuras m\u00e1s destacadas en el pensamiento actual, en el Auditorio Metropolitano.<\/p>\n<h4>\u00bfQu\u00e9 es el Festival de las Ideas?<\/h4>\n<p>El Festival de las Ideas (FDI) es una iniciativa del Centro Ricardo B. Salinas donde se invita a m\u00e1ximos exponentes a compartir sus ideas.<\/p>\n<p>As\u00ed como de sus\u00a0pensamientos en temas como libertad, prosperidad, educaci\u00f3n, econom\u00eda, innovaci\u00f3n, salud y liderazgo.<\/p>\n<p>Ello, tiene el fin de inspirar al p\u00fablico que se da cita en el encuentro calificado como \u00abel foro m\u00e1s importante de Latinoam\u00e9rica\u00bb<\/p>\n<p>Conferencistas 2023<\/p>\n<p>Para la edici\u00f3n 2023, los conferencistas han dejado anonadados a los interesados.<\/p>\n<p>Adem\u00e1s de que es\u00a0por ello, te los presentamos de acuerdo al programa que tienen establecido<\/p>\n<p>Programa.<\/p>\n<h4>Jueves<\/h4>\n<p>Libertad y prosperidad<\/p>\n<p>Soul Elements Company<\/p>\n<p>Yoani S\u00e1nchez: \u00abDel mundo virtual a las plazas, el 11J en Cuba\u00bb<\/p>\n<p>Johan Norberg: \u00abApertura para el progreso: la clave para sociedades exitosas\u00bb<\/p>\n<p>Celina de Sola: \u00abSanamente: el trauma y la resiliencia\u00bb<\/p>\n<p>Todd Henry: \u00ab\u00bfCreatividad, coraje, libertad?<\/p>\n<p>Saroo Brierley: \u00abEscucha tus sue\u00f1os\u00bb<\/p>\n<p>Arte<\/p>\n<p>Radio Swing<\/p>\n<p>F\u00e9lix Hern\u00e1ndez: \u00abDel sue\u00f1o a la imagen\u00bb<\/p>\n<p>Danielle Feinberg: \u00abDando vida a mundos imaginarios\u00bb<\/p>\n<p>James Cameron: Entrevista con Javier Ibarreche<\/p>\n<h4>Viernes<\/h4>\n<p>Educaci\u00f3n<\/p>\n<p>Orquesta Sinf\u00f3nica y Coro del Instituto Superior de M\u00fasica Esperanza Azteca<\/p>\n<p>Declaratoria Inaugural: Declaratoria inaugural del Festival de las Ideas, Puebla 2023 por el ciudadano Sergio Salom\u00f3n C\u00e9spedes Peregrina, gobernador constitucional del estado de Puebla<\/p>\n<p>Oth\u00f3n Garc\u00eda: \u00abLibertad a la mexicana\u00bb<\/p>\n<p>Keishia Thorpe: \u00abGuerra, migraci\u00f3n y educaci\u00f3n: Ser culturalmente receptivos\u00bb<\/p>\n<p>Richard Gerver: \u00abDesafiando la belleza de la prueba\u00bb<\/p>\n<p>Rahaf Harfoush: \u00abHabilidades digitales en un mundo constantemente conectado\u00bb<\/p>\n<p>Salud<\/p>\n<p>Music Travel Love<\/p>\n<p>Nilda Chiaraviglio: \u00abViolencia y enfermedad\u00bb<\/p>\n<p>Elisa Sacal: \u00abLa cultura anti-sue\u00f1o\u00bb<\/p>\n<p>Naveen Jain: \u00abLa ciencia del envejecimiento. La no tan secreta jerarqu\u00eda de las necesidades para mantenerse m\u00e1s saludable, por m\u00e1s tiempo\u00bb<\/p>\n<p>Eric Edmeades: \u00abLa ventana de la retrospecci\u00f3n: Domina el estado de tu ser\u00bb<\/p>\n<p>Innovaci\u00f3n<\/p>\n<p>Aur\u00e9lien Lehmann &amp; Eric Artz<\/p>\n<p>Pascal Bornet: \u00abAutomatizaci\u00f3n inteligente: Impulsar negocios y construir un mundo m\u00e1s humano\u00bb<\/p>\n<p>Katya Echazarreta: \u00abUn espacio sin l\u00edmites\u00bb<\/p>\n<p>Pl\u00e1tica Ricardo B. Salinas Pliego con Naveen Jain: \u00abMindset y moonshots. Crear un mundo de abundancia\u00bb<\/p>\n<p>Jeremy Gutsche: \u00abCrea el futuro\u00bb<\/p>\n<h4>S\u00e1bado<\/h4>\n<p>Econom\u00eda<\/p>\n<p>Aye Alfonso<\/p>\n<p>Dorie Clark: \u00ab\u00bfC\u00f3mo ser un pensandor a largo plazo en un mundo a corto plazo?\u00bb<\/p>\n<p>Alejandro Valenzuela: \u00abConfianza\u00bb<\/p>\n<p>Daron Acemoglu: \u00abEl pasillo estrecho: estados, sociedades y c\u00f3mo alcanzar la libertad\u00bb<\/p>\n<p>Premio Iberoamericano al Liderazgo Social<\/p>\n<p>Liderazgo<\/p>\n<p>Hot Shooters<\/p>\n<p>Dr. Jordan Peterson<\/p>\n<p>Eufrosina Cruz: \u00abLos derechos que la vida me neg\u00f3\u00bb<\/p>\n<p>Daan Roosegaarde: \u00abModelando el mundo del ma\u00f1ana\u00bb<\/p>\n<p>Molly Wright: \u00abLeo porque puedo\u00bb<\/p>\n","protected":false},"excerpt":{"rendered":"<p>Conoce aqu\u00ed todos los detalles del foro m\u00e1s importante de Am\u00e9rica Latina que se realiza del 9 al 11 de marzo. Festival de las Ideas. Del 9 al 11 de marzo de 2023 se llevara a cabo en Puebla el &#8216;Festival de las Ideas&#8217;. As\u00ed como del encuentro que re\u00fane a las figuras m\u00e1s destacadas [&hellip;]<\/p>\n","protected":false},"author":1,"featured_media":13582,"comment_status":"open","ping_status":"closed","sticky":false,"template":"","format":"standard","meta":{"footnotes":""},"categories":[5],"tags":[],"class_list":["post-13580","post","type-post","status-publish","format-standard","has-post-thumbnail","hentry","category-internacional"],"_links":{"self":[{"href":"https:\/\/podernacional.com\/index.php?rest_route=\/wp\/v2\/posts\/13580","targetHints":{"allow":["GET"]}}],"collection":[{"href":"https:\/\/podernacional.com\/index.php?rest_route=\/wp\/v2\/posts"}],"about":[{"href":"https:\/\/podernacional.com\/index.php?rest_route=\/wp\/v2\/types\/post"}],"author":[{"embeddable":true,"href":"https:\/\/podernacional.com\/index.php?rest_route=\/wp\/v2\/users\/1"}],"replies":[{"embeddable":true,"href":"https:\/\/podernacional.com\/index.php?rest_route=%2Fwp%2Fv2%2Fcomments&post=13580"}],"version-history":[{"count":1,"href":"https:\/\/podernacional.com\/index.php?rest_route=\/wp\/v2\/posts\/13580\/revisions"}],"predecessor-version":[{"id":13581,"href":"https:\/\/podernacional.com\/index.php?rest_route=\/wp\/v2\/posts\/13580\/revisions\/13581"}],"wp:featuredmedia":[{"embeddable":true,"href":"https:\/\/podernacional.com\/index.php?rest_route=\/wp\/v2\/media\/13582"}],"wp:attachment":[{"href":"https:\/\/podernacional.com\/index.php?rest_route=%2Fwp%2Fv2%2Fmedia&parent=13580"}],"wp:term":[{"taxonomy":"category","embeddable":true,"href":"https:\/\/podernacional.com\/index.php?rest_route=%2Fwp%2Fv2%2Fcategories&post=13580"},{"taxonomy":"post_tag","embeddable":true,"href":"https:\/\/podernacional.com\/index.php?rest_route=%2Fwp%2Fv2%2Ftags&post=13580"}],"curies":[{"name":"wp","href":"https:\/\/api.w.org\/{rel}","templated":true}]}}