{"id":13583,"date":"2023-03-09T18:00:01","date_gmt":"2023-03-09T23:00:01","guid":{"rendered":"https:\/\/podernacional.com\/?p=13583"},"modified":"2023-03-09T23:00:03","modified_gmt":"2023-03-09T23:00:03","slug":"el-46o-festival-internacional-de-teatro-de-el-ejido-levanta-el-telon-con-cerca-de-100-espectaculos","status":"publish","type":"post","link":"https:\/\/podernacional.com\/?p=13583","title":{"rendered":"El 46\u00ba Festival Internacional de Teatro de El Ejido levanta el tel\u00f3n con cerca de 100 espect\u00e1culos"},"content":{"rendered":"<h4>Se celebra del 28 de abril al 27 de mayo y entre los nombres m\u00e1s destacados se encuentran Ara Malikian, Los Morancos.<\/h4>\n<p>As\u00ed como de:\u00a0Espejo Negro, Imanol Arias, Eusebio Poncela, Silvia Mars\u00f3, Gonzalo de Castro, Carmelo G\u00f3mez, Pablo Puyol y el Teatro Comestible<\/p>\n<p>Presentacio\u0301n del Festival de Teatro de El Ejido 2023<\/p>\n<p>Ya est\u00e1 todo preparado para que el Festival Internacional de Teatro de El Ejido, el buque insignia de la cultura en el municipio.<\/p>\n<p>El cual\u00a0levante el tel\u00f3n este mes de abril con su 46\u00ba edici\u00f3n, configur\u00e1ndose como una gran fiesta de la cultura.<\/p>\n<p>As\u00ed como de las artes esc\u00e9nicas a nivel nacional que ofrecer\u00e1 al espectador grandes comedias, obras controvertidas, dramas.<\/p>\n<p>Adem\u00e1s del\u00a0teatro comestible, espacios singulares y mucho espect\u00e1culo de calle que permitir\u00e1 volver a disfrutar de un Festival de la m\u00e1xima calidad.<\/p>\n<h4>La presentaci\u00f3n del 46\u00ba Festival, declarado Bien de Inter\u00e9s Tur\u00edstico de Andaluc\u00eda.<\/h4>\n<p>El cual\u00a0ha tenido lugar en el escenario del Auditorio con la presencia del alcalde, Francisco G\u00f3ngora; la diputada de Cultura y Cine, Almudena Morales.<\/p>\n<p>Con esto\u00a0el delegado de Cultura, Turismo y Deportes, Jos\u00e9 \u00c1ngel V\u00e9lez; y la concejal de Cultura, Elena G\u00f3mez.<\/p>\n<p>El alcalde ha explicado que \u201cEn El Ejido se vive y se respira el teatro, pero no solo durante las cuatro semanas del Festival sino a lo largo de todo el a\u00f1o\u201d.<\/p>\n<p>\u201cYa que tenemos 22 grupos de teatro con casi 400 participantes con edades entre los 3 a los m\u00e1s de 80 a\u00f1os.<\/p>\n<p>Miles de ejidenses han pasado por los talleres municipales y han hecho teatro, y lo m\u00e1s importante socializan y comparten tiempo de ocio.<\/p>\n<p>Todos ellos han sido el germen y son la antesala del Festival con la Muestra de Teatro Aficionado del 27 de marzo-26 de abril\u201d.<\/p>\n<p>&nbsp;<\/p>\n","protected":false},"excerpt":{"rendered":"<p>Se celebra del 28 de abril al 27 de mayo y entre los nombres m\u00e1s destacados se encuentran Ara Malikian, Los Morancos. As\u00ed como de:\u00a0Espejo Negro, Imanol Arias, Eusebio Poncela, Silvia Mars\u00f3, Gonzalo de Castro, Carmelo G\u00f3mez, Pablo Puyol y el Teatro Comestible Presentacio\u0301n del Festival de Teatro de El Ejido 2023 Ya est\u00e1 todo [&hellip;]<\/p>\n","protected":false},"author":1,"featured_media":13585,"comment_status":"open","ping_status":"closed","sticky":false,"template":"","format":"standard","meta":{"footnotes":""},"categories":[4],"tags":[],"class_list":["post-13583","post","type-post","status-publish","format-standard","has-post-thumbnail","hentry","category-espectaculos"],"_links":{"self":[{"href":"https:\/\/podernacional.com\/index.php?rest_route=\/wp\/v2\/posts\/13583","targetHints":{"allow":["GET"]}}],"collection":[{"href":"https:\/\/podernacional.com\/index.php?rest_route=\/wp\/v2\/posts"}],"about":[{"href":"https:\/\/podernacional.com\/index.php?rest_route=\/wp\/v2\/types\/post"}],"author":[{"embeddable":true,"href":"https:\/\/podernacional.com\/index.php?rest_route=\/wp\/v2\/users\/1"}],"replies":[{"embeddable":true,"href":"https:\/\/podernacional.com\/index.php?rest_route=%2Fwp%2Fv2%2Fcomments&post=13583"}],"version-history":[{"count":1,"href":"https:\/\/podernacional.com\/index.php?rest_route=\/wp\/v2\/posts\/13583\/revisions"}],"predecessor-version":[{"id":13584,"href":"https:\/\/podernacional.com\/index.php?rest_route=\/wp\/v2\/posts\/13583\/revisions\/13584"}],"wp:featuredmedia":[{"embeddable":true,"href":"https:\/\/podernacional.com\/index.php?rest_route=\/wp\/v2\/media\/13585"}],"wp:attachment":[{"href":"https:\/\/podernacional.com\/index.php?rest_route=%2Fwp%2Fv2%2Fmedia&parent=13583"}],"wp:term":[{"taxonomy":"category","embeddable":true,"href":"https:\/\/podernacional.com\/index.php?rest_route=%2Fwp%2Fv2%2Fcategories&post=13583"},{"taxonomy":"post_tag","embeddable":true,"href":"https:\/\/podernacional.com\/index.php?rest_route=%2Fwp%2Fv2%2Ftags&post=13583"}],"curies":[{"name":"wp","href":"https:\/\/api.w.org\/{rel}","templated":true}]}}